{"id":16605,"date":"2017-05-01T12:47:38","date_gmt":"2017-05-01T12:47:38","guid":{"rendered":"https:\/\/audiomic.es\/?p=16605"},"modified":"2017-05-01T13:07:18","modified_gmt":"2017-05-01T13:07:18","slug":"basque-fest-un-concepto-unico","status":"publish","type":"post","link":"https:\/\/audiomic.com\/eu\/basque-fest-un-concepto-unico\/","title":{"rendered":"Basque FEST, un concepto \u00fanico"},"content":{"rendered":"<p style=\"text-align: justify;\"><a href=\"https:\/\/audiomic.com\/wp-content\/uploads\/2017\/04\/BasqueFest.jpeg\"><img loading=\"lazy\" decoding=\"async\" class=\"aligncenter wp-image-16591\" src=\"https:\/\/audiomic.com\/wp-content\/uploads\/2017\/04\/BasqueFest-300x151.jpeg\" alt=\"BasqueFest\" width=\"487\" height=\"245\" srcset=\"https:\/\/audiomic.com\/wp-content\/uploads\/2017\/04\/BasqueFest-300x151.jpeg 300w, https:\/\/audiomic.com\/wp-content\/uploads\/2017\/04\/BasqueFest-700x353.jpeg 700w, https:\/\/audiomic.com\/wp-content\/uploads\/2017\/04\/BasqueFest.jpeg 782w\" sizes=\"auto, (max-width: 487px) 100vw, 487px\" \/><\/a><\/p>\n<p style=\"text-align: justify;\">Basque FEST aspira a ser un acontecimiento \u00fanico, abierto, internacional, una cita con la cultura vasca en su sentido m\u00e1s amplio y lo est\u00e1 consiguiendo. M\u00fasica, dise\u00f1o, literatura, gastronom\u00eda, deporte&#8230; Tradici\u00f3n, innovaci\u00f3n, arte, vanguardia&#8230; son algunos de los temas que se tratan en este gran festival de cultura que viene llenando de magia los dias de semana santa en Bilbao.<\/p>\n<p>Basque FEST se presenta como un &#8220;espacio cultural&#8221;, un punto de encuentro, creaci\u00f3n e interculturalidad que nace con vocaci\u00f3n de desarrollarse y convertirse a corto plazo en un evento de prestigio en la ciudad, que contribuya a consolidar el liderato cultural de Bilbao.<\/p>\n<p>De hecho lo ha conseguido, han sido muchisimos los eventos llevados a cabo en Bilbao desde el 12 al 16 de abril, y nosotros hemos estado all\u00ed para apoyar nuestra cultura y disfrutar tanto de la m\u00fasica en directo como de muchas otras actividades; Plaza nueva, Azkuna Zentroa, El arenal, Teatro Arriaga, Bilbo boat&#8230;<\/p>\n<p>Si este a\u00f1o no te has acercado, el que viene no te lo puedes perder,#Basquefest2017, un concepto \u00fanico!<\/p>\n<p style=\"text-align: justify;\"><a href=\"https:\/\/audiomic.com\/wp-content\/uploads\/2017\/04\/musika.jpeg\"><img loading=\"lazy\" decoding=\"async\" class=\"wp-image-16593 aligncenter\" src=\"https:\/\/audiomic.com\/wp-content\/uploads\/2017\/04\/musika-300x133.jpeg\" alt=\"musika\" width=\"506\" height=\"224\" srcset=\"https:\/\/audiomic.com\/wp-content\/uploads\/2017\/04\/musika-300x133.jpeg 300w, https:\/\/audiomic.com\/wp-content\/uploads\/2017\/04\/musika-700x311.jpeg 700w, https:\/\/audiomic.com\/wp-content\/uploads\/2017\/04\/musika.jpeg 900w\" sizes=\"auto, (max-width: 506px) 100vw, 506px\" \/><\/a><\/p>\n<p><a href=\"https:\/\/audiomic.com\/wp-content\/uploads\/2017\/04\/IMG_20170414_105254.jpg\"><img loading=\"lazy\" decoding=\"async\" class=\" wp-image-16595\" src=\"https:\/\/audiomic.com\/wp-content\/uploads\/2017\/04\/IMG_20170414_105254-300x225.jpg\" alt=\"sdr\" width=\"383\" height=\"287\" srcset=\"https:\/\/audiomic.com\/wp-content\/uploads\/2017\/04\/IMG_20170414_105254-300x225.jpg 300w, https:\/\/audiomic.com\/wp-content\/uploads\/2017\/04\/IMG_20170414_105254-1024x768.jpg 1024w, https:\/\/audiomic.com\/wp-content\/uploads\/2017\/04\/IMG_20170414_105254-800x600.jpg 800w, https:\/\/audiomic.com\/wp-content\/uploads\/2017\/04\/IMG_20170414_105254-700x525.jpg 700w\" sizes=\"auto, (max-width: 383px) 100vw, 383px\" \/><\/a><a href=\"https:\/\/audiomic.com\/wp-content\/uploads\/2017\/04\/IMG-20170413-WA0045.jpg\"><img loading=\"lazy\" decoding=\"async\" class=\" wp-image-16596 alignright\" src=\"https:\/\/audiomic.com\/wp-content\/uploads\/2017\/04\/IMG-20170413-WA0045-300x225.jpg\" alt=\"IMG-20170413-WA0045\" width=\"368\" height=\"276\" srcset=\"https:\/\/audiomic.com\/wp-content\/uploads\/2017\/04\/IMG-20170413-WA0045-300x225.jpg 300w, https:\/\/audiomic.com\/wp-content\/uploads\/2017\/04\/IMG-20170413-WA0045-1024x768.jpg 1024w, https:\/\/audiomic.com\/wp-content\/uploads\/2017\/04\/IMG-20170413-WA0045-800x600.jpg 800w, https:\/\/audiomic.com\/wp-content\/uploads\/2017\/04\/IMG-20170413-WA0045-700x525.jpg 700w, https:\/\/audiomic.com\/wp-content\/uploads\/2017\/04\/IMG-20170413-WA0045.jpg 1600w\" sizes=\"auto, (max-width: 368px) 100vw, 368px\" \/><\/a><\/p>\n<p><a href=\"https:\/\/audiomic.com\/wp-content\/uploads\/2017\/04\/IMG_20170414_130548.jpg\"><img loading=\"lazy\" decoding=\"async\" class=\" wp-image-16599\" src=\"https:\/\/audiomic.com\/wp-content\/uploads\/2017\/04\/IMG_20170414_130548-300x225.jpg\" alt=\"sdr\" width=\"371\" height=\"278\" srcset=\"https:\/\/audiomic.com\/wp-content\/uploads\/2017\/04\/IMG_20170414_130548-300x225.jpg 300w, https:\/\/audiomic.com\/wp-content\/uploads\/2017\/04\/IMG_20170414_130548-1024x768.jpg 1024w, https:\/\/audiomic.com\/wp-content\/uploads\/2017\/04\/IMG_20170414_130548-800x600.jpg 800w, https:\/\/audiomic.com\/wp-content\/uploads\/2017\/04\/IMG_20170414_130548-700x525.jpg 700w\" sizes=\"auto, (max-width: 371px) 100vw, 371px\" \/><\/a><a href=\"https:\/\/audiomic.com\/wp-content\/uploads\/2017\/04\/IMG-20170415-WA0022.jpg\"><img loading=\"lazy\" decoding=\"async\" class=\"wp-image-16598 alignright\" src=\"https:\/\/audiomic.com\/wp-content\/uploads\/2017\/04\/IMG-20170415-WA0022-300x224.jpg\" alt=\"IMG-20170415-WA0022\" width=\"364\" height=\"271\" srcset=\"https:\/\/audiomic.com\/wp-content\/uploads\/2017\/04\/IMG-20170415-WA0022-300x224.jpg 300w, https:\/\/audiomic.com\/wp-content\/uploads\/2017\/04\/IMG-20170415-WA0022-1024x765.jpg 1024w, https:\/\/audiomic.com\/wp-content\/uploads\/2017\/04\/IMG-20170415-WA0022-700x523.jpg 700w, https:\/\/audiomic.com\/wp-content\/uploads\/2017\/04\/IMG-20170415-WA0022.jpg 1600w\" sizes=\"auto, (max-width: 364px) 100vw, 364px\" \/><\/a><\/p>\n","protected":false},"excerpt":{"rendered":"<p>Basque FEST aspira a ser un acontecimiento \u00fanico, abierto, internacional, una cita con la cultura vasca en su sentido m\u00e1s&#8230;<\/p>\n","protected":false},"author":2,"featured_media":16590,"comment_status":"closed","ping_status":"closed","sticky":false,"template":"","format":"standard","meta":{"footnotes":""},"categories":[1],"tags":[],"class_list":["post-16605","post","type-post","status-publish","format-standard","has-post-thumbnail","hentry","category-otros"],"_links":{"self":[{"href":"https:\/\/audiomic.com\/eu\/wp-json\/wp\/v2\/posts\/16605","targetHints":{"allow":["GET"]}}],"collection":[{"href":"https:\/\/audiomic.com\/eu\/wp-json\/wp\/v2\/posts"}],"about":[{"href":"https:\/\/audiomic.com\/eu\/wp-json\/wp\/v2\/types\/post"}],"author":[{"embeddable":true,"href":"https:\/\/audiomic.com\/eu\/wp-json\/wp\/v2\/users\/2"}],"replies":[{"embeddable":true,"href":"https:\/\/audiomic.com\/eu\/wp-json\/wp\/v2\/comments?post=16605"}],"version-history":[{"count":4,"href":"https:\/\/audiomic.com\/eu\/wp-json\/wp\/v2\/posts\/16605\/revisions"}],"predecessor-version":[{"id":16609,"href":"https:\/\/audiomic.com\/eu\/wp-json\/wp\/v2\/posts\/16605\/revisions\/16609"}],"wp:featuredmedia":[{"embeddable":true,"href":"https:\/\/audiomic.com\/eu\/wp-json\/wp\/v2\/media\/16590"}],"wp:attachment":[{"href":"https:\/\/audiomic.com\/eu\/wp-json\/wp\/v2\/media?parent=16605"}],"wp:term":[{"taxonomy":"category","embeddable":true,"href":"https:\/\/audiomic.com\/eu\/wp-json\/wp\/v2\/categories?post=16605"},{"taxonomy":"post_tag","embeddable":true,"href":"https:\/\/audiomic.com\/eu\/wp-json\/wp\/v2\/tags?post=16605"}],"curies":[{"name":"wp","href":"https:\/\/api.w.org\/{rel}","templated":true}]}}