{"id":16657,"date":"2017-06-01T17:04:31","date_gmt":"2017-06-01T17:04:31","guid":{"rendered":"https:\/\/audiomic.es\/?p=16657"},"modified":"2017-11-16T12:29:44","modified_gmt":"2017-11-16T12:29:44","slug":"el-sol-festival-iberoamericano-de-la-comunicacion-publicitaria","status":"publish","type":"post","link":"https:\/\/audiomic.com\/eu\/el-sol-festival-iberoamericano-de-la-comunicacion-publicitaria\/","title":{"rendered":"El Sol &#8211; Festival Iberoamericano de la comunicaci\u00f3n publicitaria"},"content":{"rendered":"<p>Un a\u00f1o m\u00e1s se celebra en Bilbao el famoso <a href=\"http:\/\/elsolfestival.com\/\" data-cke-saved-href=\"http:\/\/elsolfestival.com\/\">Festival Iberoamericano de la Comunicaci\u00f3n Publicitaria\u00a0 <\/a>#Elsol2017. <a href=\"http:\/\/www.audiomic.com\" data-cke-saved-href=\"http:\/\/www.audiomic.com\">Audiomic Producciones<\/a>, por su parte, se encargar\u00e1 del sonido e iluminaci\u00f3n en la gala del Palacio Euskalduna.<br \/>\n<strong>Este festival se puede definir con tres conceptos:<\/strong><\/p>\n<p>Una cita de la creatividad iberoamericana<br \/>\nDe \u00e1mbito Internacional<br \/>\nUn festival multimedia<\/p>\n<p><a href=\"https:\/\/www.facebook.com\/festivalelsol\/?fref=ts\" data-cke-saved-href=\"https:\/\/www.facebook.com\/festivalelsol\/?fref=ts\">#elsol2017<\/a><\/p>\n<p><a href=\"https:\/\/audiomic.com\/wp-content\/uploads\/2017\/06\/i\u0301ndice.png\"><img loading=\"lazy\" decoding=\"async\" class=\"wp-image-16660 aligncenter\" src=\"https:\/\/audiomic.com\/wp-content\/uploads\/2017\/06\/i\u0301ndice.png\" alt=\"i\u0301ndice\" width=\"485\" height=\"252\" srcset=\"https:\/\/audiomic.com\/wp-content\/uploads\/2017\/06\/i\u0301ndice.png 312w, https:\/\/audiomic.com\/wp-content\/uploads\/2017\/06\/i\u0301ndice-300x156.png 300w\" sizes=\"auto, (max-width: 485px) 100vw, 485px\" \/><\/a><\/p>\n<p>&nbsp;<\/p>\n<p><a href=\"https:\/\/audiomic.com\/wp-content\/uploads\/2017\/06\/DSC_1025-230x230.jpeg\"><img loading=\"lazy\" decoding=\"async\" class=\" wp-image-16658 alignleft\" src=\"https:\/\/audiomic.com\/wp-content\/uploads\/2017\/06\/DSC_1025-230x230.jpeg\" alt=\"DSC_1025-230x230\" width=\"338\" height=\"338\" srcset=\"https:\/\/audiomic.com\/wp-content\/uploads\/2017\/06\/DSC_1025-230x230.jpeg 230w, https:\/\/audiomic.com\/wp-content\/uploads\/2017\/06\/DSC_1025-230x230-150x150.jpeg 150w\" sizes=\"auto, (max-width: 338px) 100vw, 338px\" \/><\/a> <a href=\"https:\/\/audiomic.com\/wp-content\/uploads\/2017\/06\/DSC_05081-230x230.jpeg\"><img loading=\"lazy\" decoding=\"async\" class=\"aligncenter wp-image-16659\" src=\"https:\/\/audiomic.com\/wp-content\/uploads\/2017\/06\/DSC_05081-230x230.jpeg\" alt=\"DSC_05081-230x230\" width=\"339\" height=\"339\" srcset=\"https:\/\/audiomic.com\/wp-content\/uploads\/2017\/06\/DSC_05081-230x230.jpeg 230w, https:\/\/audiomic.com\/wp-content\/uploads\/2017\/06\/DSC_05081-230x230-150x150.jpeg 150w\" sizes=\"auto, (max-width: 339px) 100vw, 339px\" \/><\/a><\/p>\n<p>Tras 25 a\u00f1os en San Sebasti\u00e1n, en 2012, se puso en marcha un proceso para el posible cambio de sede y fue Bilbao la ciudad elegida para los pr\u00f3ximos 5 a\u00f1os, hasta 2019.<\/p>\n<p>En la toma de esta decisi\u00f3n se tuvo en cuenta, junto con las infraestructuras propias de la ciudad, el proceso hist\u00f3rico de reinvenci\u00f3n que en los \u00faltimos a\u00f1os ha vivido Bilbao.<\/p>\n<p>Durante el periodo 2014-2016, Jordi Palomar, Presidente de JWT, asume la direcci\u00f3n del festival con el objetivo de mantener a El Sol en el liderazgo de la regi\u00f3n creando as\u00ed la Organizaci\u00f3n Internacional de El Sol. A partir de septiembre de 2016, Cristina Barturen, Vicente Hern\u00e1ndez, Xavier Olaz\u00e1bal y Javier Suso asumieron las funciones de Jordi Palomar como codirectores del Festival.<\/p>\n<p>Hoy en d\u00eda en el festival concursan m\u00e1s de 2.500 piezas y asisten m\u00e1s de 1.500 personas.<\/p>\n<p>&nbsp;<\/p>\n<p><iframe loading=\"lazy\" src=\"https:\/\/player.vimeo.com\/video\/170593127\" width=\"1060\" height=\"596\" frameborder=\"0\" title=\"Resumen El Sol 2016\" webkitallowfullscreen mozallowfullscreen allowfullscreen><\/iframe><\/p>\n","protected":false},"excerpt":{"rendered":"<p>Un a\u00f1o m\u00e1s se celebra en Bilbao el famoso Festival Iberoamericano de la Comunicaci\u00f3n Publicitaria\u00a0 #Elsol2017. Audiomic Producciones, por su&#8230;<\/p>\n","protected":false},"author":2,"featured_media":16680,"comment_status":"closed","ping_status":"closed","sticky":false,"template":"","format":"standard","meta":{"footnotes":""},"categories":[1],"tags":[],"class_list":["post-16657","post","type-post","status-publish","format-standard","has-post-thumbnail","hentry","category-otros"],"_links":{"self":[{"href":"https:\/\/audiomic.com\/eu\/wp-json\/wp\/v2\/posts\/16657","targetHints":{"allow":["GET"]}}],"collection":[{"href":"https:\/\/audiomic.com\/eu\/wp-json\/wp\/v2\/posts"}],"about":[{"href":"https:\/\/audiomic.com\/eu\/wp-json\/wp\/v2\/types\/post"}],"author":[{"embeddable":true,"href":"https:\/\/audiomic.com\/eu\/wp-json\/wp\/v2\/users\/2"}],"replies":[{"embeddable":true,"href":"https:\/\/audiomic.com\/eu\/wp-json\/wp\/v2\/comments?post=16657"}],"version-history":[{"count":3,"href":"https:\/\/audiomic.com\/eu\/wp-json\/wp\/v2\/posts\/16657\/revisions"}],"predecessor-version":[{"id":16663,"href":"https:\/\/audiomic.com\/eu\/wp-json\/wp\/v2\/posts\/16657\/revisions\/16663"}],"wp:featuredmedia":[{"embeddable":true,"href":"https:\/\/audiomic.com\/eu\/wp-json\/wp\/v2\/media\/16680"}],"wp:attachment":[{"href":"https:\/\/audiomic.com\/eu\/wp-json\/wp\/v2\/media?parent=16657"}],"wp:term":[{"taxonomy":"category","embeddable":true,"href":"https:\/\/audiomic.com\/eu\/wp-json\/wp\/v2\/categories?post=16657"},{"taxonomy":"post_tag","embeddable":true,"href":"https:\/\/audiomic.com\/eu\/wp-json\/wp\/v2\/tags?post=16657"}],"curies":[{"name":"wp","href":"https:\/\/api.w.org\/{rel}","templated":true}]}}