{"id":16705,"date":"2018-01-25T17:41:43","date_gmt":"2018-01-25T17:41:43","guid":{"rendered":"https:\/\/audiomic.es\/?p=16705"},"modified":"2018-01-25T17:49:36","modified_gmt":"2018-01-25T17:49:36","slug":"ballet-national-de-marseille-ick-en-el-teatro-arriaga-de-bilbao","status":"publish","type":"post","link":"https:\/\/audiomic.com\/eu\/ballet-national-de-marseille-ick-en-el-teatro-arriaga-de-bilbao\/","title":{"rendered":"Ballet National De Marseille &#038; ICK en el Teatro Arriaga de Bilbao"},"content":{"rendered":"<article id=\"post-8153\" class=\"media danza post-8153 obras type-obras status-publish has-post-thumbnail hentry tipos_obra-danza\">\n<section>Espect\u00e1culo de danza basado en la obra musical <em>Kindertotenlieder<\/em> (Canciones a los ni\u00f1os muertos) de Gustav Mahler, compuesta por cinco lieder, en las que se expone la fuerza de la intuici\u00f3n, la esperanza y la inocencia como una forma de activismo. La creaci\u00f3n tambi\u00e9n incluye un tema de Janacek, y un canto revolucionario de Eisler.<em>Aparici\u00f3n\u00a0<\/em>da voz a los ni\u00f1os, quienes cantan e incorporan melod\u00edas que adoptan la forma de voces de animales al paisaje sonoro de la obra. Junto a ellos, un pianista y cinco bailarines del Ballet National de Marseille e ICK. Cada canci\u00f3n transportar\u00e1 al p\u00fablico a un espacio sensorial diferente, donde guiado por la luz, el movimiento y la m\u00fasica, viajar\u00e1 a trav\u00e9s de distintas fases de dolor, aceptaci\u00f3n y esperanza.<\/p>\n<p style=\"text-align: justify;\">El Teatro Arriaga esta temporada presenta <em>Aparici\u00f3n<\/em>, la primera parte\u00a0del proyecto, basado en <em>Kindertotenlieder<\/em> de Gustav Mahler. Un d\u00edptico en dos presentaciones separadas: Aparici\u00f3n y Desaparici\u00f3n.<\/p>\n<\/section>\n<\/article>\n<p><a href=\"https:\/\/audiomic.com\/wp-content\/uploads\/2018\/01\/26757917_1793407240729269_3715833758423087280_o.jpg\"><img loading=\"lazy\" decoding=\"async\" class=\"wp-image-16709 alignnone\" src=\"https:\/\/audiomic.com\/wp-content\/uploads\/2018\/01\/26757917_1793407240729269_3715833758423087280_o.jpg\" alt=\"26757917_1793407240729269_3715833758423087280_o\" width=\"397\" height=\"223\" srcset=\"https:\/\/audiomic.com\/wp-content\/uploads\/2018\/01\/26757917_1793407240729269_3715833758423087280_o.jpg 2048w, https:\/\/audiomic.com\/wp-content\/uploads\/2018\/01\/26757917_1793407240729269_3715833758423087280_o-300x169.jpg 300w, https:\/\/audiomic.com\/wp-content\/uploads\/2018\/01\/26757917_1793407240729269_3715833758423087280_o-1024x576.jpg 1024w, https:\/\/audiomic.com\/wp-content\/uploads\/2018\/01\/26757917_1793407240729269_3715833758423087280_o-700x393.jpg 700w, https:\/\/audiomic.com\/wp-content\/uploads\/2018\/01\/26757917_1793407240729269_3715833758423087280_o-539x303.jpg 539w\" sizes=\"auto, (max-width: 397px) 100vw, 397px\" \/><\/a><a href=\"https:\/\/audiomic.com\/wp-content\/uploads\/2018\/01\/26757174_1793407140729279_4125341384934226409_o.jpg\"><img loading=\"lazy\" decoding=\"async\" class=\"wp-image-16708 alignnone\" src=\"https:\/\/audiomic.com\/wp-content\/uploads\/2018\/01\/26757174_1793407140729279_4125341384934226409_o.jpg\" alt=\"26757174_1793407140729279_4125341384934226409_o\" width=\"396\" height=\"222\" srcset=\"https:\/\/audiomic.com\/wp-content\/uploads\/2018\/01\/26757174_1793407140729279_4125341384934226409_o.jpg 2048w, https:\/\/audiomic.com\/wp-content\/uploads\/2018\/01\/26757174_1793407140729279_4125341384934226409_o-300x169.jpg 300w, https:\/\/audiomic.com\/wp-content\/uploads\/2018\/01\/26757174_1793407140729279_4125341384934226409_o-1024x576.jpg 1024w, https:\/\/audiomic.com\/wp-content\/uploads\/2018\/01\/26757174_1793407140729279_4125341384934226409_o-700x393.jpg 700w, https:\/\/audiomic.com\/wp-content\/uploads\/2018\/01\/26757174_1793407140729279_4125341384934226409_o-539x303.jpg 539w\" sizes=\"auto, (max-width: 396px) 100vw, 396px\" \/><\/a><\/p>\n","protected":false},"excerpt":{"rendered":"<p>Espect\u00e1culo de danza basado en la obra musical Kindertotenlieder (Canciones a los ni\u00f1os muertos) de Gustav Mahler, compuesta por cinco&#8230;<\/p>\n","protected":false},"author":2,"featured_media":16709,"comment_status":"closed","ping_status":"closed","sticky":false,"template":"","format":"standard","meta":{"footnotes":""},"categories":[1],"tags":[],"class_list":["post-16705","post","type-post","status-publish","format-standard","has-post-thumbnail","hentry","category-otros"],"_links":{"self":[{"href":"https:\/\/audiomic.com\/eu\/wp-json\/wp\/v2\/posts\/16705","targetHints":{"allow":["GET"]}}],"collection":[{"href":"https:\/\/audiomic.com\/eu\/wp-json\/wp\/v2\/posts"}],"about":[{"href":"https:\/\/audiomic.com\/eu\/wp-json\/wp\/v2\/types\/post"}],"author":[{"embeddable":true,"href":"https:\/\/audiomic.com\/eu\/wp-json\/wp\/v2\/users\/2"}],"replies":[{"embeddable":true,"href":"https:\/\/audiomic.com\/eu\/wp-json\/wp\/v2\/comments?post=16705"}],"version-history":[{"count":8,"href":"https:\/\/audiomic.com\/eu\/wp-json\/wp\/v2\/posts\/16705\/revisions"}],"predecessor-version":[{"id":16713,"href":"https:\/\/audiomic.com\/eu\/wp-json\/wp\/v2\/posts\/16705\/revisions\/16713"}],"wp:featuredmedia":[{"embeddable":true,"href":"https:\/\/audiomic.com\/eu\/wp-json\/wp\/v2\/media\/16709"}],"wp:attachment":[{"href":"https:\/\/audiomic.com\/eu\/wp-json\/wp\/v2\/media?parent=16705"}],"wp:term":[{"taxonomy":"category","embeddable":true,"href":"https:\/\/audiomic.com\/eu\/wp-json\/wp\/v2\/categories?post=16705"},{"taxonomy":"post_tag","embeddable":true,"href":"https:\/\/audiomic.com\/eu\/wp-json\/wp\/v2\/tags?post=16705"}],"curies":[{"name":"wp","href":"https:\/\/api.w.org\/{rel}","templated":true}]}}