{"id":16720,"date":"2018-03-02T11:36:49","date_gmt":"2018-03-02T11:36:49","guid":{"rendered":"https:\/\/audiomic.es\/?p=16720"},"modified":"2018-03-02T11:36:50","modified_gmt":"2018-03-02T11:36:50","slug":"belako-adrenalina-tribal","status":"publish","type":"post","link":"https:\/\/audiomic.com\/eu\/belako-adrenalina-tribal\/","title":{"rendered":"Belako, Adrenalina Tribal"},"content":{"rendered":"<p style=\"text-align: justify;\">Recinto: <a href=\"http:\/\/www.mondosonoro.com\/sala\/sala-urban-hall-palacio-euskalduna\/\">Sala Urban Hall \/ Palacio Euskalduna<\/a> \/ Bilbao | Fecha: 24 febrero, 2018 |<\/p>\n<p style=\"text-align: justify;\">Gran expectaci\u00f3n y fr\u00edo polar en la larga cola que rodea el Palacio Euskalduna de Bilbao. Las cerca de 2.000 personas congregadas aqu\u00ed esperamos impacientes un doble estreno: el de la sala Urban Hall como nuevo espacio de conciertos de corte industrial-elegante y, sobre todo, el tercer largo de <a href=\"http:\/\/www.mondosonoro.com\/artistas-musica\/belako\/\"><strong>Belako<\/strong><\/a>, <a href=\"http:\/\/www.mondosonoro.com\/criticas\/discos-musica\/belako-render-me-numb\/\"><strong>\u201cRender Me Numb, Trivial Violence\u201d<\/strong><\/a> (El Segell, Belako Records), publicado apenas 24 horas antes.<\/p>\n<p style=\"text-align: justify;\">Una hora despu\u00e9s de la apertura de puertas, sobre las diez de la noche, la banda mungiarra <a href=\"http:\/\/www.mondosonoro.com\/artistas-musica\/cecilia-payne\/\"><strong>Cecilia Payne<\/strong><\/a>\u00a0(foto inferior) se encarga de apaciguar los exaltados \u00e1nimos. Su propuesta de alt-rock resulta un tanto descafeinada y desentona un poco con las ganas de fiesta del personal, que viene con kit festivalero incluido: un globo verde con lucecita multicolor en su interior orbita sobre nuestras cabezas, en contraste con las melod\u00edas alica\u00eddas y voces susurrantes de las tres cantantes (a la par que guitarras y bajo). Con todo, ganan peso y movimiento en la segunda mitad de su actuaci\u00f3n, por ejemplo con el pegadizo \u201cFuck You\u201d (estrenado la semana pasada en <a href=\"http:\/\/www.mondosonoro.com\/estrenos-musicales\/estrenamos-el-tema-de-adelanto-del-debut-de-cecilia-payne\/\">nuestra web<\/a>), cuyo estribillo corean las henchidas primeras filas. Estamos seguros de que este cuarteto con nombre de la astr\u00f3noma que descubri\u00f3 de qu\u00e9 se componen las estrellas nos aportar\u00e1 nuevas y gratas sorpresas muy pronto.<\/p>\n<p style=\"text-align: justify;\"><img loading=\"lazy\" decoding=\"async\" class=\"aligncenter size-full wp-image-193885\" src=\"http:\/\/www.mondosonoro.com\/wp-content\/uploads\/2018\/02\/Cecilia-Payne_Euskalduna_Tom-Hagen-01.jpg\" sizes=\"auto, (max-width: 1400px) 100vw, 1400px\" srcset=\"http:\/\/www.mondosonoro.com\/wp-content\/uploads\/2018\/02\/Cecilia-Payne_Euskalduna_Tom-Hagen-01.jpg 1400w, http:\/\/www.mondosonoro.com\/wp-content\/uploads\/2018\/02\/Cecilia-Payne_Euskalduna_Tom-Hagen-01-85x57.jpg 85w, http:\/\/www.mondosonoro.com\/wp-content\/uploads\/2018\/02\/Cecilia-Payne_Euskalduna_Tom-Hagen-01-700x468.jpg 700w, http:\/\/www.mondosonoro.com\/wp-content\/uploads\/2018\/02\/Cecilia-Payne_Euskalduna_Tom-Hagen-01-900x600.jpg 900w, http:\/\/www.mondosonoro.com\/wp-content\/uploads\/2018\/02\/Cecilia-Payne_Euskalduna_Tom-Hagen-01-360x240.jpg 360w, http:\/\/www.mondosonoro.com\/wp-content\/uploads\/2018\/02\/Cecilia-Payne_Euskalduna_Tom-Hagen-01-80x53.jpg 80w\" alt=\"\" width=\"1400\" height=\"933\" \/><\/p>\n<p style=\"text-align: justify;\">La puesta en escena de <a href=\"http:\/\/www.mondosonoro.com\/artistas-musica\/belako\/\"><strong>Belako<\/strong><\/a> es puro arte conceptual, desde el perturbador maniqu\u00ed situado junto a la bater\u00eda hasta el conjunto cat\u00f3dico en ambos extremos del escenario. En sus televisores se suceder\u00e1n im\u00e1genes de manifestaciones \u2013donde se leen carteles como \u201cMujeres encerradas\u201d-, geometr\u00edas espasm\u00f3dicas y bichejos varios. La escenograf\u00eda, unida a los potentes y en ocasiones estridentes focos, otorga cierto aura de rock de estadio. Abren con la nueva \u201cTwo Faced Simulation\u201d, cuya base huele a esp\u00edritu adolescente en algunos momentos. Cris corre del micro central al extremo donde est\u00e1 situado el teclado, que abandonar\u00e1 durante el resto del concierto para darle total protagonismo a la voz.\u00a0Guitarreo descarnado con final apabullante en \u201cOff Your Shoes\u201d, de su anterior LP <a href=\"http:\/\/www.mondosonoro.com\/criticas\/discos-musica\/belako-hamen\/\"><strong>\u201cHamen\u201d<\/strong><\/a>. Se les ve en\u00e9rgicos y con ganas. <em>\u201cLlevamos un a\u00f1o esperando\u201d<\/em>, se sinceran. Juegan en casa y el p\u00fablico no falla. Josu salta propulsado por la electricidad de su guitarra y parece que va a alcanzar el techo del Urban Hall.<\/p>\n<p style=\"text-align: justify;\"><img loading=\"lazy\" decoding=\"async\" class=\"aligncenter size-full wp-image-193882\" src=\"http:\/\/www.mondosonoro.com\/wp-content\/uploads\/2018\/02\/Belako_Euskalduna_Tom-Hagen-02.jpg\" sizes=\"auto, (max-width: 1400px) 100vw, 1400px\" srcset=\"http:\/\/www.mondosonoro.com\/wp-content\/uploads\/2018\/02\/Belako_Euskalduna_Tom-Hagen-02.jpg 1400w, http:\/\/www.mondosonoro.com\/wp-content\/uploads\/2018\/02\/Belako_Euskalduna_Tom-Hagen-02-85x57.jpg 85w, http:\/\/www.mondosonoro.com\/wp-content\/uploads\/2018\/02\/Belako_Euskalduna_Tom-Hagen-02-700x468.jpg 700w, http:\/\/www.mondosonoro.com\/wp-content\/uploads\/2018\/02\/Belako_Euskalduna_Tom-Hagen-02-900x600.jpg 900w, http:\/\/www.mondosonoro.com\/wp-content\/uploads\/2018\/02\/Belako_Euskalduna_Tom-Hagen-02-360x240.jpg 360w, http:\/\/www.mondosonoro.com\/wp-content\/uploads\/2018\/02\/Belako_Euskalduna_Tom-Hagen-02-80x53.jpg 80w\" alt=\"\" width=\"1400\" height=\"933\" \/><\/p>\n<p style=\"text-align: justify;\">Contin\u00faan con una versi\u00f3n mucho m\u00e1s r\u00e1pida y menos compungida de su exquisito \u201cSomething To Adore\u201d, del citado \u201cHamen\u201d y que incluyen en su nuevo disco bajo la nota aclaratoria \u201cArinau\u201d (m\u00e1s r\u00e1pido, en euskera). La voz de Cris tiene un rollo muy sugerente, como se puede comprobar en el v\u00eddeo del ac\u00fastico de <a href=\"https:\/\/www.youtube.com\/watch?v=6p9ujcscNAY&amp;feature=youtu.be\">\u201cMaskenfreiheit\u201d para Mondo TV<\/a>. Precedida por una intro de palmas urgentes, esta licencia de carnaval adquiere un esplendor \u00e9pico con toda la artiller\u00eda de la banda. Sin embargo, en ocasiones quiz\u00e1 aderezan demasiado la voz con reverbs y ecos grumosos. Puede que hayan querido emular el mismo sonido anal\u00f3gico de \u201cRender Me Numb\u201d. En cualquier caso: suenan muy bien y la entrega de banda y p\u00fablico es rec\u00edproca. Se retroalimentan. Regresan a su disco anterior con el desconcertante himno \u201cHegodun Baleak\u201d que entona Josu (tambi\u00e9n se incluye segunda parte de este tema en el nuevo \u00e1lbum). M\u00e1s \u201cHamen\u201d, con las bailables \u201cFire Alarm\u201d y \u201cNomad\u201d, donde se escucha un amago de irrintzi desde la mesa de sonido. Lore aparca el bajo y se pasa a los teclados durante la introspectiva balada \u201cMolly &amp; Pete\u201d, de su debut <strong>\u201cEurie\u201d<\/strong>. Con una punzante base electr\u00f3nica, lapsos de silencios totales ensalzan la voz de Cris en \u201cMum\u201d. El cl\u00e1sico \u201cTrack Sei\u201d desata el esp\u00edritu fiestero. La banda contempla sonriente c\u00f3mo el p\u00fablico se deja los pulmones en los \u201cu-uoh\u201d del estribillo.<\/p>\n<p style=\"text-align: justify;\"><img loading=\"lazy\" decoding=\"async\" class=\"aligncenter size-full wp-image-193883\" src=\"http:\/\/www.mondosonoro.com\/wp-content\/uploads\/2018\/02\/Belako_Euskalduna_Tom-Hagen-03.jpg\" sizes=\"auto, (max-width: 1400px) 100vw, 1400px\" srcset=\"http:\/\/www.mondosonoro.com\/wp-content\/uploads\/2018\/02\/Belako_Euskalduna_Tom-Hagen-03.jpg 1400w, http:\/\/www.mondosonoro.com\/wp-content\/uploads\/2018\/02\/Belako_Euskalduna_Tom-Hagen-03-85x57.jpg 85w, http:\/\/www.mondosonoro.com\/wp-content\/uploads\/2018\/02\/Belako_Euskalduna_Tom-Hagen-03-700x468.jpg 700w, http:\/\/www.mondosonoro.com\/wp-content\/uploads\/2018\/02\/Belako_Euskalduna_Tom-Hagen-03-900x600.jpg 900w, http:\/\/www.mondosonoro.com\/wp-content\/uploads\/2018\/02\/Belako_Euskalduna_Tom-Hagen-03-360x240.jpg 360w, http:\/\/www.mondosonoro.com\/wp-content\/uploads\/2018\/02\/Belako_Euskalduna_Tom-Hagen-03-80x53.jpg 80w\" alt=\"\" width=\"1400\" height=\"933\" \/><\/p>\n<p style=\"text-align: justify;\">Tras este repaso acelerado a sus anteriores trabajos, pasan al nuevo LP con \u201cOver The Edge\u201d, cuyos gritos ahogados claman contra la violencia de g\u00e9nero. En directo suena a un ritmo mucho m\u00e1s fren\u00e9tico. Asistimos a una inevitable p\u00e9rdida de presi\u00f3n en la cabina con la canci\u00f3n que da t\u00edtulo a su nuevo \u00e1lbum. Josu anuncia el \u201ctemazo\u201d \u201cLungs\u201d, que suena bastante distorsionado y parece evocar un agitado viaje en coche, a trav\u00e9s de las luces nocturnas de una ciudad an\u00f3nima. El guitarra se desga\u00f1ita en el trallazo punk-trash-pum \u201cZaldi Baltza\u201d.\u00a0Dejan para los bises la nueva \u201cStumble\u201d, con tintes arabescos camuflados en su base electro, el veterano hit \u201cSea of Confusion\u201d y la descomunal \u201cHaunted House\u201d, con su grito punk esclarecedor.<\/p>\n<p style=\"text-align: justify;\">Momento de dar las gracias a todos los art\u00edfices de esta gran puesta en escena, como Ane y Ainize, responsables del contenido visual. Asimismo, estudiantes de Bellas Artes se encargan de grabar todo el espect\u00e1culo. Rave final a base de electr\u00f3nico enfangado, con eclipse de solo de bater\u00eda a cargo de Lander. Ateridos al principio de la velada, la descarga de energ\u00eda de <a href=\"http:\/\/www.mondosonoro.com\/artistas-musica\/belako\/\"><strong>Belako<\/strong><\/a>\u00a0nos desentumece por completo.<\/p>\n<p style=\"text-align: justify;\"><img loading=\"lazy\" decoding=\"async\" class=\"aligncenter size-full wp-image-193884\" src=\"http:\/\/www.mondosonoro.com\/wp-content\/uploads\/2018\/02\/Belako_Euskalduna_Tom-Hagen-04.jpg\" sizes=\"auto, (max-width: 1400px) 100vw, 1400px\" srcset=\"http:\/\/www.mondosonoro.com\/wp-content\/uploads\/2018\/02\/Belako_Euskalduna_Tom-Hagen-04.jpg 1400w, http:\/\/www.mondosonoro.com\/wp-content\/uploads\/2018\/02\/Belako_Euskalduna_Tom-Hagen-04-85x57.jpg 85w, http:\/\/www.mondosonoro.com\/wp-content\/uploads\/2018\/02\/Belako_Euskalduna_Tom-Hagen-04-700x468.jpg 700w, http:\/\/www.mondosonoro.com\/wp-content\/uploads\/2018\/02\/Belako_Euskalduna_Tom-Hagen-04-900x600.jpg 900w, http:\/\/www.mondosonoro.com\/wp-content\/uploads\/2018\/02\/Belako_Euskalduna_Tom-Hagen-04-360x240.jpg 360w, http:\/\/www.mondosonoro.com\/wp-content\/uploads\/2018\/02\/Belako_Euskalduna_Tom-Hagen-04-80x53.jpg 80w\" alt=\"\" width=\"1400\" height=\"933\" \/><\/p>\n<p style=\"text-align: justify;\">Mondo Sonoro.<\/p>\n","protected":false},"excerpt":{"rendered":"<p>Recinto: Sala Urban Hall \/ Palacio Euskalduna \/ Bilbao | Fecha: 24 febrero, 2018 | Gran expectaci\u00f3n y fr\u00edo polar&#8230;<\/p>\n","protected":false},"author":2,"featured_media":16721,"comment_status":"closed","ping_status":"closed","sticky":false,"template":"","format":"standard","meta":{"footnotes":""},"categories":[1],"tags":[],"class_list":["post-16720","post","type-post","status-publish","format-standard","has-post-thumbnail","hentry","category-otros"],"_links":{"self":[{"href":"https:\/\/audiomic.com\/eu\/wp-json\/wp\/v2\/posts\/16720","targetHints":{"allow":["GET"]}}],"collection":[{"href":"https:\/\/audiomic.com\/eu\/wp-json\/wp\/v2\/posts"}],"about":[{"href":"https:\/\/audiomic.com\/eu\/wp-json\/wp\/v2\/types\/post"}],"author":[{"embeddable":true,"href":"https:\/\/audiomic.com\/eu\/wp-json\/wp\/v2\/users\/2"}],"replies":[{"embeddable":true,"href":"https:\/\/audiomic.com\/eu\/wp-json\/wp\/v2\/comments?post=16720"}],"version-history":[{"count":1,"href":"https:\/\/audiomic.com\/eu\/wp-json\/wp\/v2\/posts\/16720\/revisions"}],"predecessor-version":[{"id":16722,"href":"https:\/\/audiomic.com\/eu\/wp-json\/wp\/v2\/posts\/16720\/revisions\/16722"}],"wp:featuredmedia":[{"embeddable":true,"href":"https:\/\/audiomic.com\/eu\/wp-json\/wp\/v2\/media\/16721"}],"wp:attachment":[{"href":"https:\/\/audiomic.com\/eu\/wp-json\/wp\/v2\/media?parent=16720"}],"wp:term":[{"taxonomy":"category","embeddable":true,"href":"https:\/\/audiomic.com\/eu\/wp-json\/wp\/v2\/categories?post=16720"},{"taxonomy":"post_tag","embeddable":true,"href":"https:\/\/audiomic.com\/eu\/wp-json\/wp\/v2\/tags?post=16720"}],"curies":[{"name":"wp","href":"https:\/\/api.w.org\/{rel}","templated":true}]}}