{"id":16723,"date":"2018-03-02T11:49:26","date_gmt":"2018-03-02T11:49:26","guid":{"rendered":"https:\/\/audiomic.es\/?p=16723"},"modified":"2018-03-02T11:49:26","modified_gmt":"2018-03-02T11:49:26","slug":"los-coronas-centro-botin-santander","status":"publish","type":"post","link":"https:\/\/audiomic.com\/eu\/los-coronas-centro-botin-santander\/","title":{"rendered":"Los Coronas, Centro Bot\u00edn, Santander"},"content":{"rendered":"<p style=\"text-align: justify;\"><em>LOS CORONAS, ESTANDARTES DE LA M\u00daSICA SURF EN ESPA\u00d1A, PRESENTAN SUS \u201cSE\u00d1ALES DE HUMO\u201d EN EL CENTRO BOT\u00cdN<\/em><\/p>\n<p style=\"text-align: justify;\"><em>\u00a0 <\/em>El Centro Bot\u00edn mantiene su apuesta por introducir estilos musicales contempor\u00e1neos en su programaci\u00f3n musical.<\/p>\n<ul style=\"text-align: justify;\">\n<li>El grupo estandarte de la m\u00fasica surf y el rock and roll instrumental en Espa\u00f1a presentar\u00e1n su nuevo \u00e1lbum por primera vez en Santander.<\/li>\n<li><em>Con 17 canciones instrumentales y registros que desde el surf juegan con la m\u00fasica disco hasta los ritmos africanos, \u201cSe\u00f1ales de humo\u201d es el trabajo m\u00e1s ambicioso, variado y con m\u00e1s matices del grupo.<\/em><\/li>\n<li><em>El concierto, cuyas entradas se agotaron hace semanas, tendr\u00e1 lugar el 23 de febrero a las 21:00 horas en el auditorio del Centro Bot\u00edn. Dado su \u00e9xito, tambi\u00e9n podr\u00e1 disfrutarse a trav\u00e9s de la pantalla exterior.<\/em><em><a href=\"https:\/\/audiomic.com\/wp-content\/uploads\/2018\/03\/Los-Coronas-2.jpg\"><img loading=\"lazy\" decoding=\"async\" class=\"aligncenter size-full wp-image-16724\" src=\"https:\/\/audiomic.com\/wp-content\/uploads\/2018\/03\/Los-Coronas-2.jpg\" alt=\"Los Coronas 2\" width=\"1290\" height=\"960\" srcset=\"https:\/\/audiomic.com\/wp-content\/uploads\/2018\/03\/Los-Coronas-2.jpg 1290w, https:\/\/audiomic.com\/wp-content\/uploads\/2018\/03\/Los-Coronas-2-300x223.jpg 300w, https:\/\/audiomic.com\/wp-content\/uploads\/2018\/03\/Los-Coronas-2-1024x762.jpg 1024w, https:\/\/audiomic.com\/wp-content\/uploads\/2018\/03\/Los-Coronas-2-700x521.jpg 700w\" sizes=\"auto, (max-width: 1290px) 100vw, 1290px\" \/><\/a><\/em><\/li>\n<\/ul>\n<p style=\"text-align: justify;\"><em>Santander, 22 de febrero de 2018<\/em>.- Los Coronas, banda nacional de referencia en la m\u00fasica surf y el rock and roll instrumental, con m\u00e1s de 25 a\u00f1os en activo, actuar\u00e1 ma\u00f1ana viernes, 23 de febrero, en el auditorio del Centro Bot\u00edn, pudiendo tambi\u00e9n disfrutarse a trav\u00e9s de la pantalla exterior. La formaci\u00f3n recala en Santander dentro de la gira de presentaci\u00f3n de su \u00faltimo disco, titulado \u201cSe\u00f1ales de Humo\u201d (2017). El evento, para el que ya no quedan entradas, comenzar\u00e1 a las 21:00 horas y se enmarca dentro del ciclo <strong>M\u00fasica abierta: <\/strong>una propuesta dise\u00f1ada para dar cabida a los estilos musicales contempor\u00e1neos dentro de la programaci\u00f3n de actividades culturales del centro de arte.<\/p>\n<p style=\"text-align: justify;\">El concierto servir\u00e1 para presentar en Cantabria el trabajo m\u00e1s ambicioso y arriesgado de esta veterana formaci\u00f3n madrile\u00f1a. Cuatro a\u00f1os despu\u00e9s de \u201cAdi\u00f3s Sancho\u201d, Los Coronas regresan con un \u00e1lbum doble, el primero en doce a\u00f1os, formado por diecisiete temas instrumentales, en los que aparecen registros tan diversos como la m\u00fasica disco o los ritmos africanos. Toda una exhibici\u00f3n de estilos grabada en el desierto de Tucson (WaveLab Recording Studio) bajo la producci\u00f3n de Craig Schumacher.<\/p>\n<p style=\"text-align: justify;\">Seg\u00fan la propia banda, hay doble sentido en esas se\u00f1ales de humo de las que habla el t\u00edtulo del disco. Por una parte, existe una clara referencia anal\u00f3gica a ese lenguaje no verbal de las canciones del grupo. Por otra, alude tambi\u00e9n a la necesidad de \u201cvender humo\u201d \u2013en el buen sentido de la expresi\u00f3n\u2013 para llegar al p\u00fablico con una propuesta exclusivamente instrumental, una suerte en desuso en Espa\u00f1a desde hace varias d\u00e9cadas.<\/p>\n<p style=\"text-align: justify;\">En el cap\u00edtulo de colaboraciones, Los Coronas se han rodeado de una n\u00f3mina significativa de artistas para completar su disco con m\u00e1s matices. Es el caso de Sergio Mendoza (Calexico\/SM y La Orkesta), Jairo Zavala (Calexico\/Depedro), Miguel Campello (El Bicho), Chris Masterson (Mastersons\/Steve Earle\/Son Volt) y Eleanor Whitmore (Mastersons\/Steve Earle).<\/p>\n<p style=\"text-align: justify;\">Con una auto-exigencia en el directo casi enfermiza, los Coronas han llevado su arriesgada propuesta musical hasta Estados Unidos o Australia. Una m\u00fasica con un marcado car\u00e1cter cinematogr\u00e1fico y claro aroma fronterizo. El Spaghetti Western, el director Quentin Tarantino, Triana o los Brincos, confluyen en las estrofas de este grupo de culto de la escena rock nacional.<\/p>\n<p style=\"text-align: justify;\">Los guitarristas David Krahe y Fernando Pardo son el alma mater de esta banda formada en 1991. Javi Vacas, Roberto Lozano \u201cLoza\u201dy Yevhen Riechkalov completan una formaci\u00f3n que toma su nombre de la localidad californiana en la que Fender fabricaba sus famosas guitarras.<\/p>\n<p style=\"text-align: justify;\">A lo largo de 27 a\u00f1os de carrera, los Coronas han publicado 13 discos y EPs. Adem\u00e1s, con Arizona Baby, han grabado el EP \u201cDos bandas y un destino\u201d (2009) y el triple vinilo y DVD en directo \u201cEl concierto\u201d (2010). Asimismo, la fusi\u00f3n de ambas bandas, denominada Corizonas, edit\u00f3 los discos \u201cThe News Today\u201d (2011) y \u201cNueva Dimensi\u00f3n Vital\u201d (2016).<\/p>\n<p style=\"text-align: justify;\"><em>\u2026\u2026\u2026.\u2026\u2026\u2026\u2026\u2026\u2026\u2026\u2026\u2026\u2026\u2026\u2026\u2026\u2026\u2026\u2026\u2026\u2026\u2026\u2026\u2026..<\/em><\/p>\n<p style=\"text-align: justify;\"><em><strong>Centro Bot\u00edn<\/strong><\/em><\/p>\n<p style=\"text-align: justify;\"><em>El Centro Bot\u00edn, obra del arquitecto Renzo Piano, es un proyecto de la Fundaci\u00f3n Bot\u00edn que aspira a ser un centro de arte privado de referencia en Espa\u00f1a, parte del circuito internacional de centros de arte de primer nivel, que contribuir\u00e1 en Santander, a trav\u00e9s de las artes, a desarrollar la creatividad para generar riqueza econ\u00f3mica y social. Ser\u00e1 tambi\u00e9n un lugar pionero en el mundo para el desarrollo de la creatividad que aprovechar\u00e1 el potencial que tienen las artes para el desarrollo de la inteligencia emocional y de la capacidad creadora de las personas. Finalmente, ser\u00e1 un nuevo lugar de encuentro en un enclave privilegiado del centro de la ciudad, que completar\u00e1 un eje cultural de la cornisa cant\u00e1brica, convirti\u00e9ndose en un motor para la promoci\u00f3n nacional e internacional de la ciudad y la regi\u00f3n.www.centrobotin.org<\/em><\/p>\n","protected":false},"excerpt":{"rendered":"<p>LOS CORONAS, ESTANDARTES DE LA M\u00daSICA SURF EN ESPA\u00d1A, PRESENTAN SUS \u201cSE\u00d1ALES DE HUMO\u201d EN EL CENTRO BOT\u00cdN \u00a0 El&#8230;<\/p>\n","protected":false},"author":2,"featured_media":16725,"comment_status":"closed","ping_status":"closed","sticky":false,"template":"","format":"standard","meta":{"footnotes":""},"categories":[206],"tags":[],"class_list":["post-16723","post","type-post","status-publish","format-standard","has-post-thumbnail","hentry","category-audiomic-2"],"_links":{"self":[{"href":"https:\/\/audiomic.com\/eu\/wp-json\/wp\/v2\/posts\/16723","targetHints":{"allow":["GET"]}}],"collection":[{"href":"https:\/\/audiomic.com\/eu\/wp-json\/wp\/v2\/posts"}],"about":[{"href":"https:\/\/audiomic.com\/eu\/wp-json\/wp\/v2\/types\/post"}],"author":[{"embeddable":true,"href":"https:\/\/audiomic.com\/eu\/wp-json\/wp\/v2\/users\/2"}],"replies":[{"embeddable":true,"href":"https:\/\/audiomic.com\/eu\/wp-json\/wp\/v2\/comments?post=16723"}],"version-history":[{"count":1,"href":"https:\/\/audiomic.com\/eu\/wp-json\/wp\/v2\/posts\/16723\/revisions"}],"predecessor-version":[{"id":16726,"href":"https:\/\/audiomic.com\/eu\/wp-json\/wp\/v2\/posts\/16723\/revisions\/16726"}],"wp:featuredmedia":[{"embeddable":true,"href":"https:\/\/audiomic.com\/eu\/wp-json\/wp\/v2\/media\/16725"}],"wp:attachment":[{"href":"https:\/\/audiomic.com\/eu\/wp-json\/wp\/v2\/media?parent=16723"}],"wp:term":[{"taxonomy":"category","embeddable":true,"href":"https:\/\/audiomic.com\/eu\/wp-json\/wp\/v2\/categories?post=16723"},{"taxonomy":"post_tag","embeddable":true,"href":"https:\/\/audiomic.com\/eu\/wp-json\/wp\/v2\/tags?post=16723"}],"curies":[{"name":"wp","href":"https:\/\/api.w.org\/{rel}","templated":true}]}}