{"id":16732,"date":"2018-04-03T14:07:31","date_gmt":"2018-04-03T14:07:31","guid":{"rendered":"https:\/\/audiomic.es\/?p=16732"},"modified":"2018-04-03T14:07:31","modified_gmt":"2018-04-03T14:07:31","slug":"nueva-avolites-arena-en-el-concierto-de-maldita-nerea-santana-27","status":"publish","type":"post","link":"https:\/\/audiomic.com\/eu\/nueva-avolites-arena-en-el-concierto-de-maldita-nerea-santana-27\/","title":{"rendered":"NUEVA Avolites Arena en el concierto de  &#8220;Maldita Nerea&#8221;, Santana 27"},"content":{"rendered":"<p style=\"text-align: justify;\">Una de las salas m\u00e1s conocidas de Bilbao, La Sala Santana, fue testigo el 17 de marzo de la gira \u201cBailarina\u201d. Una vez m\u00e1s el grupo de m\u00fasica <a href=\"https:\/\/www.facebook.com\/MalditaNereaOficial\/?ref=br_rs\">Maldita Nerea<\/a>, demostr\u00f3 que sigue siendo uno de los grupos m\u00e1s consolidados en el panorama musical espa\u00f1ol. Llego a ser una noche m\u00e1gica para todas esas tortugas y bailarinas que llenaron el recinto.<\/p>\n<p style=\"text-align: justify;\">El espect\u00e1culo se hizo de rogar y comenz\u00f3 a eso de las 22:20 con el p\u00fablico ya euf\u00f3rico por ver a las estrellas de la noche. Se encendieron unas luces azules y los componentes de la banda comenzaron a salir al escenario. El \u00faltimo en salir fue Jorge Ruiz, vocalista del grupo, que lo recibieron con una gran cantidad de gritos y ovaciones.<\/p>\n<p style=\"text-align: justify;\"><a href=\"https:\/\/audiomic.com\/wp-content\/uploads\/2018\/04\/IMG_0320.jpg\"><img loading=\"lazy\" decoding=\"async\" class=\"aligncenter wp-image-16733\" src=\"https:\/\/audiomic.com\/wp-content\/uploads\/2018\/04\/IMG_0320.jpg\" alt=\"IMG_0320\" width=\"565\" height=\"424\" srcset=\"https:\/\/audiomic.com\/wp-content\/uploads\/2018\/04\/IMG_0320.jpg 1200w, https:\/\/audiomic.com\/wp-content\/uploads\/2018\/04\/IMG_0320-300x225.jpg 300w, https:\/\/audiomic.com\/wp-content\/uploads\/2018\/04\/IMG_0320-1024x768.jpg 1024w, https:\/\/audiomic.com\/wp-content\/uploads\/2018\/04\/IMG_0320-800x600.jpg 800w, https:\/\/audiomic.com\/wp-content\/uploads\/2018\/04\/IMG_0320-700x525.jpg 700w\" sizes=\"auto, (max-width: 565px) 100vw, 565px\" \/><\/a><\/p>\n<p style=\"text-align: justify;\">El concierto arranca con una canci\u00f3n de su \u00faltimo disco \u201cMe Pesan las Alas\u201d donde desde el comienzo todo el mundo lo dio todo. Sigui\u00f3 con canciones legendarias del grupo que no pod\u00edan faltar como \u201c\u00bfNo Podiamos Ser Agua?\u201d, \u201cPor el Miedo a Equivocarnos\u201d, \u201cNo Pide Tanto Idiota\u201d o \u201cMares Peque\u00f1os\u201d, canciones con las que confes\u00f3 \u201cpor dios que este momento no se acabe nunca\u201d.<\/p>\n<p style=\"text-align: justify;\">Jorge entre canci\u00f3n y canci\u00f3n interven\u00eda para hablar con el p\u00fablico y as\u00ed dar paso de manera especial a las canciones. \u201cUna de las cosas que en estos tiempos es dif\u00edcil conseguir: escuchar\u201d as\u00ed fue la manera que dio paso a \u201cA Quien Quiera Escuchar\u201d, una de sus canciones favoritas de su \u00faltimo disco \u201cBailarina\u201d.<\/p>\n<p style=\"text-align: justify;\"><a href=\"https:\/\/audiomic.com\/wp-content\/uploads\/2018\/04\/index.jpg\"><img loading=\"lazy\" decoding=\"async\" class=\"aligncenter wp-image-16734\" src=\"https:\/\/audiomic.com\/wp-content\/uploads\/2018\/04\/index.jpg\" alt=\"index\" width=\"418\" height=\"278\" \/><\/a><\/p>\n<p style=\"text-align: justify;\">Cant\u00f3 todo el repertorio nuevo a pesar del miedo que manifest\u00f3 por si las canciones no eran cantadas. Todos los fans de la sala cantaron \u201cCalcetines\u201d, \u201cDesde Las Nubes\u201d o \u201cCuando Todas las Historias Se Acaban\u201d. La banda murciana antes de abandonar el escenario cant\u00f3 \u201cTu Mirada Me Hace Grande\u201d y \u201cLa canci\u00f3n Que No Termina\u201d dos canciones muy importantes para todas<br \/>\nlas tortugas. Seguido a que la banda se fuese todo el p\u00fablico gritaba \u201cbeste bat, beste bat\u201d al ritmo de muchos aplausos.<\/p>\n<p style=\"text-align: justify;\">Volvieron a salir y esta vez el cantante present\u00f3 a cada uno de los miembros de su banda: Serginho Moreira, Rafa Mart\u00edn, Vicen Mart\u00ednez y Luis G\u00f3mez. El concierto termin\u00f3 con la canci\u00f3n m\u00e1s esperara \u201cBailarina\u201d el \u00e9xito de su \u00faltimo disco.<\/p>\n<p style=\"text-align: justify;\">Por ITXASO ATECA, PEPUCOMAG.<\/p>\n<p style=\"text-align: justify;\">\n","protected":false},"excerpt":{"rendered":"<p>Una de las salas m\u00e1s conocidas de Bilbao, La Sala Santana, fue testigo el 17 de marzo de la gira&#8230;<\/p>\n","protected":false},"author":2,"featured_media":16735,"comment_status":"closed","ping_status":"closed","sticky":false,"template":"","format":"standard","meta":{"footnotes":""},"categories":[1],"tags":[],"class_list":["post-16732","post","type-post","status-publish","format-standard","has-post-thumbnail","hentry","category-otros"],"_links":{"self":[{"href":"https:\/\/audiomic.com\/eu\/wp-json\/wp\/v2\/posts\/16732","targetHints":{"allow":["GET"]}}],"collection":[{"href":"https:\/\/audiomic.com\/eu\/wp-json\/wp\/v2\/posts"}],"about":[{"href":"https:\/\/audiomic.com\/eu\/wp-json\/wp\/v2\/types\/post"}],"author":[{"embeddable":true,"href":"https:\/\/audiomic.com\/eu\/wp-json\/wp\/v2\/users\/2"}],"replies":[{"embeddable":true,"href":"https:\/\/audiomic.com\/eu\/wp-json\/wp\/v2\/comments?post=16732"}],"version-history":[{"count":1,"href":"https:\/\/audiomic.com\/eu\/wp-json\/wp\/v2\/posts\/16732\/revisions"}],"predecessor-version":[{"id":16736,"href":"https:\/\/audiomic.com\/eu\/wp-json\/wp\/v2\/posts\/16732\/revisions\/16736"}],"wp:featuredmedia":[{"embeddable":true,"href":"https:\/\/audiomic.com\/eu\/wp-json\/wp\/v2\/media\/16735"}],"wp:attachment":[{"href":"https:\/\/audiomic.com\/eu\/wp-json\/wp\/v2\/media?parent=16732"}],"wp:term":[{"taxonomy":"category","embeddable":true,"href":"https:\/\/audiomic.com\/eu\/wp-json\/wp\/v2\/categories?post=16732"},{"taxonomy":"post_tag","embeddable":true,"href":"https:\/\/audiomic.com\/eu\/wp-json\/wp\/v2\/tags?post=16732"}],"curies":[{"name":"wp","href":"https:\/\/api.w.org\/{rel}","templated":true}]}}