{"id":16737,"date":"2018-04-03T14:14:44","date_gmt":"2018-04-03T14:14:44","guid":{"rendered":"https:\/\/audiomic.es\/?p=16737"},"modified":"2019-01-11T09:38:14","modified_gmt":"2019-01-11T09:38:14","slug":"la-sensacion-de-la-cancion-vasca-da-el-salto-al-escenario-del-arriaga","status":"publish","type":"post","link":"https:\/\/audiomic.com\/eu\/la-sensacion-de-la-cancion-vasca-da-el-salto-al-escenario-del-arriaga\/","title":{"rendered":"La sensaci\u00f3n de la canci\u00f3n Vasca da el salto al escenario del Arriaga"},"content":{"rendered":"<p style=\"text-align: justify;\">Su primer\u00a0disco en el mercado, <em>Om<\/em>, entr\u00f3 en las listas de lo mejor de 2016, pero ha sido ante el p\u00fablico, en los conciertos que ha dado hasta la fecha, donde Izaro se ha convertido en una emocionante realidad de la escena vasca. A trav\u00e9s de canciones conmovedoras, la jovenc\u00edsima cantautora de Mallabia (naci\u00f3 en 1993) ha conseguido poner de acuerdo positivamente a cr\u00edtica y p\u00fablico.<\/p>\n<p style=\"text-align: justify;\"><a href=\"https:\/\/audiomic.com\/wp-content\/uploads\/2018\/04\/0_E4A8413-1140x400.jpg\"><img loading=\"lazy\" decoding=\"async\" class=\"aligncenter wp-image-16738\" src=\"https:\/\/audiomic.com\/wp-content\/uploads\/2018\/04\/0_E4A8413-1140x400.jpg\" alt=\"0_E4A8413-1140x400\" width=\"730\" height=\"256\" srcset=\"https:\/\/audiomic.com\/wp-content\/uploads\/2018\/04\/0_E4A8413-1140x400.jpg 1140w, https:\/\/audiomic.com\/wp-content\/uploads\/2018\/04\/0_E4A8413-1140x400-300x105.jpg 300w, https:\/\/audiomic.com\/wp-content\/uploads\/2018\/04\/0_E4A8413-1140x400-1024x359.jpg 1024w, https:\/\/audiomic.com\/wp-content\/uploads\/2018\/04\/0_E4A8413-1140x400-700x246.jpg 700w\" sizes=\"auto, (max-width: 730px) 100vw, 730px\" \/><\/a><\/p>\n<p style=\"text-align: justify;\">Su m\u00fasica transmite dulzura, sensibilidad y una enorme carga po\u00e9tica.<\/p>\n<p style=\"text-align: justify;\">En breve ver\u00e1 la luz su\u00a0segundo disco, <em>Eason<\/em>,\u00a0que estrenar\u00e1 en el\u00a0Teatro Arriaga, en la que sin duda ser\u00e1 una ocasi\u00f3n especial para ella, y \u00fanica para el p\u00fablico.<a href=\"https:\/\/audiomic.com\/wp-content\/uploads\/2018\/04\/izaro_portadaONA_cabecera.jpg\"><img loading=\"lazy\" decoding=\"async\" class=\"aligncenter wp-image-16741\" src=\"https:\/\/audiomic.com\/wp-content\/uploads\/2018\/04\/izaro_portadaONA_cabecera.jpg\" alt=\"izaro_portadaONA_cabecera\" width=\"578\" height=\"362\" srcset=\"https:\/\/audiomic.com\/wp-content\/uploads\/2018\/04\/izaro_portadaONA_cabecera.jpg 1098w, https:\/\/audiomic.com\/wp-content\/uploads\/2018\/04\/izaro_portadaONA_cabecera-300x188.jpg 300w, https:\/\/audiomic.com\/wp-content\/uploads\/2018\/04\/izaro_portadaONA_cabecera-1024x642.jpg 1024w, https:\/\/audiomic.com\/wp-content\/uploads\/2018\/04\/izaro_portadaONA_cabecera-700x439.jpg 700w\" sizes=\"auto, (max-width: 578px) 100vw, 578px\" \/><\/a><\/p>\n<p style=\"text-align: justify;\">\u201cEste segundo trabajo es m\u00e1s consciente que el primero en muchos sentidos: sab\u00eda que quer\u00eda que sucediese, sab\u00eda con qui\u00e9n, c\u00f3mo, qu\u00e9 direcci\u00f3n tomar y sab\u00eda para qu\u00e9. Pero al igual que en el primer trabajo no sab\u00eda a d\u00f3nde quer\u00eda llegar, y dejar\u00e9 que el tiempo lo decida por m\u00ed.<br \/>\nEn este disco he querido contar un (re)encuentro, un encuentro conmigo misma. Algunas personas se encuentran a s\u00ed mismas varias veces, de varias formas y en muchos sitios; otras no se encuentran nunca. Muchas veces, nos mudamos a otros pueblos y ciudades en busca de nuevas oportunidades, sin darnos cuenta de que quiz\u00e1s nos mudamos para encontrarnos a nosotros mismos. Aunque me haya encontrado m\u00e1s de una vez, tengo especialmente presente mi auto-encuentro en Donosti. He recogido ese (re)encuentro en este disco, desde el darte cuenta de que est\u00e1s perdida a la felicidad. Serenidad y perspectiva. Con este trabajo me gustar\u00eda que cada oyente se conectara con sus (re)encuentros\u201c. Izaro.<\/p>\n","protected":false},"excerpt":{"rendered":"<p>Su primer\u00a0disco en el mercado, Om, entr\u00f3 en las listas de lo mejor de 2016, pero ha sido ante el&#8230;<\/p>\n","protected":false},"author":2,"featured_media":16740,"comment_status":"closed","ping_status":"closed","sticky":false,"template":"","format":"standard","meta":{"footnotes":""},"categories":[206],"tags":[],"class_list":["post-16737","post","type-post","status-publish","format-standard","has-post-thumbnail","hentry","category-audiomic-2"],"_links":{"self":[{"href":"https:\/\/audiomic.com\/eu\/wp-json\/wp\/v2\/posts\/16737","targetHints":{"allow":["GET"]}}],"collection":[{"href":"https:\/\/audiomic.com\/eu\/wp-json\/wp\/v2\/posts"}],"about":[{"href":"https:\/\/audiomic.com\/eu\/wp-json\/wp\/v2\/types\/post"}],"author":[{"embeddable":true,"href":"https:\/\/audiomic.com\/eu\/wp-json\/wp\/v2\/users\/2"}],"replies":[{"embeddable":true,"href":"https:\/\/audiomic.com\/eu\/wp-json\/wp\/v2\/comments?post=16737"}],"version-history":[{"count":3,"href":"https:\/\/audiomic.com\/eu\/wp-json\/wp\/v2\/posts\/16737\/revisions"}],"predecessor-version":[{"id":16821,"href":"https:\/\/audiomic.com\/eu\/wp-json\/wp\/v2\/posts\/16737\/revisions\/16821"}],"wp:featuredmedia":[{"embeddable":true,"href":"https:\/\/audiomic.com\/eu\/wp-json\/wp\/v2\/media\/16740"}],"wp:attachment":[{"href":"https:\/\/audiomic.com\/eu\/wp-json\/wp\/v2\/media?parent=16737"}],"wp:term":[{"taxonomy":"category","embeddable":true,"href":"https:\/\/audiomic.com\/eu\/wp-json\/wp\/v2\/categories?post=16737"},{"taxonomy":"post_tag","embeddable":true,"href":"https:\/\/audiomic.com\/eu\/wp-json\/wp\/v2\/tags?post=16737"}],"curies":[{"name":"wp","href":"https:\/\/api.w.org\/{rel}","templated":true}]}}