{"id":16744,"date":"2018-05-03T10:36:50","date_gmt":"2018-05-03T10:36:50","guid":{"rendered":"https:\/\/audiomic.es\/?p=16744"},"modified":"2019-01-11T09:37:28","modified_gmt":"2019-01-11T09:37:28","slug":"estrenamos-los-focos-robe-megapointe-en-el-combate-de-kerman-lejarraga-vs-skeete","status":"publish","type":"post","link":"https:\/\/audiomic.com\/eu\/estrenamos-los-focos-robe-megapointe-en-el-combate-de-kerman-lejarraga-vs-skeete\/","title":{"rendered":"&#8220;Estrenamos los focos ROBE MEGAPOINTE en el combate de  KERMAN LEJARRAGA Vs SKEETE&#8221;"},"content":{"rendered":"<p>Kerman Lejarraga se proclama campe\u00f3n de Europa<\/p>\n<p><span style=\"font-size: 14px;\">Bilbao se converti\u00f3 en la gran capital del boxeo el pasado s\u00e1bado 28 de abril. Por nuestra parte seremos los encargados de sonorizar este esperado evento con equipamiento d&amp;b audiotechnik. Hasta tres cinturones se pondr\u00e1n en juego en el ensogado preparado al efecto en el Bilbao Arena de Miribilla, con alrededor de 10.000 espectadores, en el recinto vizca\u00edno, en una noche dif\u00edcil de igualar en el Estado espa\u00f1ol. El cartel, por fin confirmado, no deja lugar a dudas en lo deportivo, aparte de las sorpresas de ambientaci\u00f3n que se pueden dar.<\/span><a href=\"https:\/\/audiomic.com\/wp-content\/uploads\/2018\/05\/WhatsApp-Image-2018-05-01-at-13.21.33.jpeg\"><img loading=\"lazy\" decoding=\"async\" class=\"aligncenter wp-image-16745\" src=\"https:\/\/audiomic.com\/wp-content\/uploads\/2018\/05\/WhatsApp-Image-2018-05-01-at-13.21.33.jpeg\" alt=\"WhatsApp Image 2018-05-01 at 13.21.33\" width=\"550\" height=\"413\" srcset=\"https:\/\/audiomic.com\/wp-content\/uploads\/2018\/05\/WhatsApp-Image-2018-05-01-at-13.21.33.jpeg 1024w, https:\/\/audiomic.com\/wp-content\/uploads\/2018\/05\/WhatsApp-Image-2018-05-01-at-13.21.33-300x225.jpeg 300w, https:\/\/audiomic.com\/wp-content\/uploads\/2018\/05\/WhatsApp-Image-2018-05-01-at-13.21.33-800x600.jpeg 800w, https:\/\/audiomic.com\/wp-content\/uploads\/2018\/05\/WhatsApp-Image-2018-05-01-at-13.21.33-700x525.jpeg 700w\" sizes=\"auto, (max-width: 550px) 100vw, 550px\" \/><\/a><\/p>\n","protected":false},"excerpt":{"rendered":"<p>Kerman Lejarraga se proclama campe\u00f3n de Europa Bilbao se converti\u00f3 en la gran capital del boxeo el pasado s\u00e1bado 28&#8230;<\/p>\n","protected":false},"author":2,"featured_media":16745,"comment_status":"closed","ping_status":"closed","sticky":false,"template":"","format":"standard","meta":{"footnotes":""},"categories":[206],"tags":[],"class_list":["post-16744","post","type-post","status-publish","format-standard","has-post-thumbnail","hentry","category-audiomic-2"],"_links":{"self":[{"href":"https:\/\/audiomic.com\/eu\/wp-json\/wp\/v2\/posts\/16744","targetHints":{"allow":["GET"]}}],"collection":[{"href":"https:\/\/audiomic.com\/eu\/wp-json\/wp\/v2\/posts"}],"about":[{"href":"https:\/\/audiomic.com\/eu\/wp-json\/wp\/v2\/types\/post"}],"author":[{"embeddable":true,"href":"https:\/\/audiomic.com\/eu\/wp-json\/wp\/v2\/users\/2"}],"replies":[{"embeddable":true,"href":"https:\/\/audiomic.com\/eu\/wp-json\/wp\/v2\/comments?post=16744"}],"version-history":[{"count":1,"href":"https:\/\/audiomic.com\/eu\/wp-json\/wp\/v2\/posts\/16744\/revisions"}],"predecessor-version":[{"id":16746,"href":"https:\/\/audiomic.com\/eu\/wp-json\/wp\/v2\/posts\/16744\/revisions\/16746"}],"wp:featuredmedia":[{"embeddable":true,"href":"https:\/\/audiomic.com\/eu\/wp-json\/wp\/v2\/media\/16745"}],"wp:attachment":[{"href":"https:\/\/audiomic.com\/eu\/wp-json\/wp\/v2\/media?parent=16744"}],"wp:term":[{"taxonomy":"category","embeddable":true,"href":"https:\/\/audiomic.com\/eu\/wp-json\/wp\/v2\/categories?post=16744"},{"taxonomy":"post_tag","embeddable":true,"href":"https:\/\/audiomic.com\/eu\/wp-json\/wp\/v2\/tags?post=16744"}],"curies":[{"name":"wp","href":"https:\/\/api.w.org\/{rel}","templated":true}]}}