{"id":16749,"date":"2018-11-11T16:29:04","date_gmt":"2018-11-11T16:29:04","guid":{"rendered":"https:\/\/audiomic.es\/?p=16749"},"modified":"2019-01-09T16:41:43","modified_gmt":"2019-01-09T16:41:43","slug":"west-side-story-en-concierto-en-el-palacio-euskalduna","status":"publish","type":"post","link":"https:\/\/audiomic.com\/eu\/west-side-story-en-concierto-en-el-palacio-euskalduna\/","title":{"rendered":"&#8220;West Side Story en concierto en el Palacio Euskalduna&#8221;"},"content":{"rendered":"<p style=\"text-align: justify;\"><a href=\"https:\/\/audiomic.com\/wp-content\/uploads\/2018\/11\/STF-2018-10-03-Ensayos-BOS-West-Side-Story-22.jpg\"><img loading=\"lazy\" decoding=\"async\" class=\"aligncenter size-full wp-image-16750\" src=\"https:\/\/audiomic.com\/wp-content\/uploads\/2018\/11\/STF-2018-10-03-Ensayos-BOS-West-Side-Story-22.jpg\" alt=\"STF-2018-10-03-Ensayos-BOS-West-Side-Story-22\" width=\"1600\" height=\"1055\" srcset=\"https:\/\/audiomic.com\/wp-content\/uploads\/2018\/11\/STF-2018-10-03-Ensayos-BOS-West-Side-Story-22.jpg 1600w, https:\/\/audiomic.com\/wp-content\/uploads\/2018\/11\/STF-2018-10-03-Ensayos-BOS-West-Side-Story-22-300x198.jpg 300w, https:\/\/audiomic.com\/wp-content\/uploads\/2018\/11\/STF-2018-10-03-Ensayos-BOS-West-Side-Story-22-1024x675.jpg 1024w, https:\/\/audiomic.com\/wp-content\/uploads\/2018\/11\/STF-2018-10-03-Ensayos-BOS-West-Side-Story-22-700x462.jpg 700w\" sizes=\"auto, (max-width: 1600px) 100vw, 1600px\" \/><\/a><\/p>\n<p style=\"text-align: justify;\"><a class=\"tooltipstered\" href=\"https:\/\/www.facebook.com\/SinfonicadeBilbao\/\" target=\"_blank\" rel=\"noopener\">Bilbao Orkestra Sinfonikoa (BOS)<\/a>\u00a0ha adelantado ya el programa de su\u00a0pr\u00f3xima temporada 2018-2019. Arranc\u00f3 el 4 y 5 de octubre (19:30 h.) con dos proyecciones, en pantalla grande, del cl\u00e1sico del cine musical \u201cWest Side Story\u201d, para las que la BOS interpret\u00f3 su banda sonora en directo. En estos pases (en el\u00a0Palacio Euskalduna), los m\u00fasicos de la orquesta tocaron la partitura de la pel\u00edcula en el momento, pero s\u00ed se mantentuvieron las voces originales de los solistas de la pel\u00edcula (as\u00ed como los di\u00e1logos, claro). Esta peculiar inauguraci\u00f3n de temporada servi\u00f3 para homenajear al compositor\u00a0Leonard Bernstein\u00a0(cuya obra maestra es esta banda sonora de \u201cWest Side Story\u201d) en el centenario de su nacimiento.<\/p>\n<p style=\"text-align: justify;\">Otra cita cinematogr\u00e1fica de la temporada 2018-2019 de la BOS ha sido \u201c2001: A Musical Oddyssey\u201c, un concierto que incluye piezas usadas en la m\u00edtica pel\u00edcula de Kubrick \u201c2001: Una odisea del espacio\u201d, cuya banda sonora logr\u00f3 dar nueva vida, hace ahora 50 a\u00f1os, a piezas cl\u00e1sicas de Strauss o Ligeti. Fue el 8 y 9 de noviembre (como siempre, tambi\u00e9n en el Euskalduna).<\/p>\n","protected":false},"excerpt":{"rendered":"<p>Bilbao Orkestra Sinfonikoa (BOS)\u00a0ha adelantado ya el programa de su\u00a0pr\u00f3xima temporada 2018-2019. Arranc\u00f3 el 4 y 5 de octubre (19:30&#8230;<\/p>\n","protected":false},"author":2,"featured_media":16750,"comment_status":"closed","ping_status":"closed","sticky":false,"template":"","format":"standard","meta":{"footnotes":""},"categories":[206],"tags":[],"class_list":["post-16749","post","type-post","status-publish","format-standard","has-post-thumbnail","hentry","category-audiomic-2"],"_links":{"self":[{"href":"https:\/\/audiomic.com\/eu\/wp-json\/wp\/v2\/posts\/16749","targetHints":{"allow":["GET"]}}],"collection":[{"href":"https:\/\/audiomic.com\/eu\/wp-json\/wp\/v2\/posts"}],"about":[{"href":"https:\/\/audiomic.com\/eu\/wp-json\/wp\/v2\/types\/post"}],"author":[{"embeddable":true,"href":"https:\/\/audiomic.com\/eu\/wp-json\/wp\/v2\/users\/2"}],"replies":[{"embeddable":true,"href":"https:\/\/audiomic.com\/eu\/wp-json\/wp\/v2\/comments?post=16749"}],"version-history":[{"count":3,"href":"https:\/\/audiomic.com\/eu\/wp-json\/wp\/v2\/posts\/16749\/revisions"}],"predecessor-version":[{"id":16756,"href":"https:\/\/audiomic.com\/eu\/wp-json\/wp\/v2\/posts\/16749\/revisions\/16756"}],"wp:featuredmedia":[{"embeddable":true,"href":"https:\/\/audiomic.com\/eu\/wp-json\/wp\/v2\/media\/16750"}],"wp:attachment":[{"href":"https:\/\/audiomic.com\/eu\/wp-json\/wp\/v2\/media?parent=16749"}],"wp:term":[{"taxonomy":"category","embeddable":true,"href":"https:\/\/audiomic.com\/eu\/wp-json\/wp\/v2\/categories?post=16749"},{"taxonomy":"post_tag","embeddable":true,"href":"https:\/\/audiomic.com\/eu\/wp-json\/wp\/v2\/tags?post=16749"}],"curies":[{"name":"wp","href":"https:\/\/api.w.org\/{rel}","templated":true}]}}