{"id":16758,"date":"2019-01-09T12:54:03","date_gmt":"2019-01-09T12:54:03","guid":{"rendered":"https:\/\/audiomic.es\/?p=16758"},"modified":"2019-01-09T16:40:14","modified_gmt":"2019-01-09T16:40:14","slug":"foro-expectativa-economica-en-el-palacio-euskalduna","status":"publish","type":"post","link":"https:\/\/audiomic.com\/eu\/foro-expectativa-economica-en-el-palacio-euskalduna\/","title":{"rendered":"Foro expectativa econ\u00f3mica en el Palacio Euskalduna"},"content":{"rendered":"<p style=\"font-size: 12px; line-height: 14px; text-align: justify;\">AUDIOMIC PRODUCCIONES sonido, iluminaci\u00f3n y estructuras.<\/p>\n<div id=\"mailup-bee-newsletter-modules-text-editor-7\" class=\"module-text ng-binding\">\n<div class=\"txtTinyMce-wrapper\" style=\"font-size: 12px; line-height: 14px;\">\n<p style=\"font-size: 12px; line-height: 14px; text-align: justify;\">El lehendakari, I\u00f1igo Urkullu, ha afirmado que su &#8220;empe\u00f1o&#8221; es evitar &#8220;un efecto contagio&#8221; en Euskadi del &#8220;escenario de inestabilidad&#8221; que se viven en Europa y al que, en el Estado, se a\u00f1aden &#8220;la fragmentaci\u00f3n, desencanto y crispaci\u00f3n pol\u00edtica&#8221;, que se pusieron de manifiesto en las elecciones andaluzas.<\/p>\n<p style=\"font-size: 12px; line-height: 14px; text-align: justify;\">Durante su intervenci\u00f3n en el Foro Expectativas Econ\u00f3micas en Bilbao, el presidente vasco ha destacado &#8220;la estabilidad y seriedad con que se desarrolla la actividad pol\u00edtica e institucional en Euskadi&#8221;, en un contexto en el que se viven &#8220;momentos de incertidumbre en Europa y el Estado&#8221;, con &#8220;turbulencias econ\u00f3micas y sociales&#8221; pero tambi\u00e9n &#8220;pol\u00edticas e institucionales&#8221;.<\/p>\n<p style=\"font-size: 12px; line-height: 14px; text-align: justify;\">En este sentido, ha citado las &#8220;revueltas&#8221; de los chalecos amarillos en Francia, el cambio anunciado por Angela Merkel al frente de su partido en Alemania, las &#8220;incertidumbres&#8221; del presupuesto italiano, el &#8220;desenlace incierto&#8221; del brexit o &#8220;los populismos crecientes que no responden a m\u00e1s signo que la insatisfacci\u00f3n y que, con el mero planteamiento &#8216;anti estatus quo&#8217;, a\u00f1aden m\u00e1s incertidumbre sobre el futuro de Europa&#8221;.<\/p>\n<p style=\"font-size: 12px; line-height: 14px; text-align: justify;\">&#8220;Todo ello conforma un escenario de inseguridad y turbulencia. Momentos convulsos y complejos de gestionar&#8221;, ha advertido I\u00f1igo Urkullu, que ha apuntado que, en el caso del Estado espa\u00f1ol, se a\u00f1ade &#8220;la fragmentaci\u00f3n, desencanto y crispaci\u00f3n pol\u00edtica&#8221;, como, a su entender, han puesto de manifiesto las elecciones andaluzas este pasado domingo.<\/p>\n<p style=\"font-size: 12px; line-height: 14px; text-align: justify;\"><span style=\"color: #ff9900;\"><a style=\"color: #ff9900;\" href=\"https:\/\/cadenaser.com\/emisora\/2018\/12\/05\/radio_bilbao\/1544001742_961813.html\">Leer m\u00e1s&#8230;<\/a><\/span><\/p>\n<\/div>\n<\/div>\n","protected":false},"excerpt":{"rendered":"<p>AUDIOMIC PRODUCCIONES sonido, iluminaci\u00f3n y estructuras. El lehendakari, I\u00f1igo Urkullu, ha afirmado que su &#8220;empe\u00f1o&#8221; es evitar &#8220;un efecto contagio&#8221;&#8230;<\/p>\n","protected":false},"author":2,"featured_media":16759,"comment_status":"closed","ping_status":"closed","sticky":false,"template":"","format":"standard","meta":{"footnotes":""},"categories":[206],"tags":[],"class_list":["post-16758","post","type-post","status-publish","format-standard","has-post-thumbnail","hentry","category-audiomic-2"],"_links":{"self":[{"href":"https:\/\/audiomic.com\/eu\/wp-json\/wp\/v2\/posts\/16758","targetHints":{"allow":["GET"]}}],"collection":[{"href":"https:\/\/audiomic.com\/eu\/wp-json\/wp\/v2\/posts"}],"about":[{"href":"https:\/\/audiomic.com\/eu\/wp-json\/wp\/v2\/types\/post"}],"author":[{"embeddable":true,"href":"https:\/\/audiomic.com\/eu\/wp-json\/wp\/v2\/users\/2"}],"replies":[{"embeddable":true,"href":"https:\/\/audiomic.com\/eu\/wp-json\/wp\/v2\/comments?post=16758"}],"version-history":[{"count":2,"href":"https:\/\/audiomic.com\/eu\/wp-json\/wp\/v2\/posts\/16758\/revisions"}],"predecessor-version":[{"id":16764,"href":"https:\/\/audiomic.com\/eu\/wp-json\/wp\/v2\/posts\/16758\/revisions\/16764"}],"wp:featuredmedia":[{"embeddable":true,"href":"https:\/\/audiomic.com\/eu\/wp-json\/wp\/v2\/media\/16759"}],"wp:attachment":[{"href":"https:\/\/audiomic.com\/eu\/wp-json\/wp\/v2\/media?parent=16758"}],"wp:term":[{"taxonomy":"category","embeddable":true,"href":"https:\/\/audiomic.com\/eu\/wp-json\/wp\/v2\/categories?post=16758"},{"taxonomy":"post_tag","embeddable":true,"href":"https:\/\/audiomic.com\/eu\/wp-json\/wp\/v2\/tags?post=16758"}],"curies":[{"name":"wp","href":"https:\/\/api.w.org\/{rel}","templated":true}]}}