{"id":16770,"date":"2019-01-09T15:39:00","date_gmt":"2019-01-09T15:39:00","guid":{"rendered":"https:\/\/audiomic.es\/?p=16770"},"modified":"2019-01-11T09:36:13","modified_gmt":"2019-01-11T09:36:13","slug":"%ef%bb%bfbilbao-mendi-films-festival-2018-sala-bbk","status":"publish","type":"post","link":"https:\/\/audiomic.com\/eu\/%ef%bb%bfbilbao-mendi-films-festival-2018-sala-bbk\/","title":{"rendered":"\ufeffBilbao Mendi Films Festival 2018 (Sala BBK)"},"content":{"rendered":"<p>La 11\u00aa edici\u00f3n de Bilbao Mendi Film Festival emprende una nueva d\u00e9cada a partir del pr\u00f3ximo 7 de diciembre en el Palacio Euskalduna, iniciando as\u00ed un recorrido pleno del mejor cine de monta\u00f1a presentado por sus protagonistas, directores y productoras que se completar\u00e1 el 16 de diciembre con la proyecci\u00f3n de las pel\u00edculas premiadas de la Secci\u00f3n Oficial 2018. Bilbao se convertir\u00e1 en la referencia internacional del cine de monta\u00f1a ofreciendo la oportunidad de disfrutar del glamour de la Secci\u00f3n Oficial y las actividades que se han generado en torno a ella.<\/p>\n<p><span style=\"color: #ff9900;\"><a style=\"color: #ff9900;\" href=\"http:\/\/www.mendifilmfestival.com\/MFF\/index.php\/es\/\">Leer m\u00e1s&#8230;<\/a><\/span><\/p>\n","protected":false},"excerpt":{"rendered":"<p>La 11\u00aa edici\u00f3n de Bilbao Mendi Film Festival emprende una nueva d\u00e9cada a partir del pr\u00f3ximo 7 de diciembre en&#8230;<\/p>\n","protected":false},"author":2,"featured_media":16771,"comment_status":"closed","ping_status":"closed","sticky":false,"template":"","format":"standard","meta":{"footnotes":""},"categories":[206],"tags":[],"class_list":["post-16770","post","type-post","status-publish","format-standard","has-post-thumbnail","hentry","category-audiomic-2"],"_links":{"self":[{"href":"https:\/\/audiomic.com\/eu\/wp-json\/wp\/v2\/posts\/16770","targetHints":{"allow":["GET"]}}],"collection":[{"href":"https:\/\/audiomic.com\/eu\/wp-json\/wp\/v2\/posts"}],"about":[{"href":"https:\/\/audiomic.com\/eu\/wp-json\/wp\/v2\/types\/post"}],"author":[{"embeddable":true,"href":"https:\/\/audiomic.com\/eu\/wp-json\/wp\/v2\/users\/2"}],"replies":[{"embeddable":true,"href":"https:\/\/audiomic.com\/eu\/wp-json\/wp\/v2\/comments?post=16770"}],"version-history":[{"count":1,"href":"https:\/\/audiomic.com\/eu\/wp-json\/wp\/v2\/posts\/16770\/revisions"}],"predecessor-version":[{"id":16772,"href":"https:\/\/audiomic.com\/eu\/wp-json\/wp\/v2\/posts\/16770\/revisions\/16772"}],"wp:featuredmedia":[{"embeddable":true,"href":"https:\/\/audiomic.com\/eu\/wp-json\/wp\/v2\/media\/16771"}],"wp:attachment":[{"href":"https:\/\/audiomic.com\/eu\/wp-json\/wp\/v2\/media?parent=16770"}],"wp:term":[{"taxonomy":"category","embeddable":true,"href":"https:\/\/audiomic.com\/eu\/wp-json\/wp\/v2\/categories?post=16770"},{"taxonomy":"post_tag","embeddable":true,"href":"https:\/\/audiomic.com\/eu\/wp-json\/wp\/v2\/tags?post=16770"}],"curies":[{"name":"wp","href":"https:\/\/api.w.org\/{rel}","templated":true}]}}