{"id":16823,"date":"2019-01-29T17:17:20","date_gmt":"2019-01-29T17:17:20","guid":{"rendered":"https:\/\/audiomic.es\/?p=16823"},"modified":"2019-01-30T08:38:12","modified_gmt":"2019-01-30T08:38:12","slug":"izaro-en-kursaal","status":"publish","type":"post","link":"https:\/\/audiomic.com\/eu\/izaro-en-kursaal\/","title":{"rendered":"IZARO en Kursaal"},"content":{"rendered":"<p>Tras la publicaci\u00f3n de su segundo disco <em>Eason<\/em>, un trabajo lleno de luminosidad, la cantautora de Mallabia, que ha actuado en el Pa\u00eds Vasco, Madrid, Barcelona, Galicia y M\u00e9xico, realizar\u00e1 una serie de conciertos para despedir su \u00faltima gira. Actu\u00f3 en directo en Kursaal Eszena el 5 de enero.<\/p>\n<p>Con esta palabras define <strong>Izaro<\/strong> su \u00faltimo disco: \u201cEste segundo trabajo es m\u00e1s consciente que el primero en muchos sentidos: sab\u00eda qu\u00e9 quer\u00eda que sucediese, sab\u00eda con qui\u00e9n, c\u00f3mo, qu\u00e9 direcci\u00f3n tomar y sab\u00eda para qu\u00e9. Pero al igual que en el primer trabajo no sab\u00eda a d\u00f3nde quer\u00eda llegar y dejar\u00e9 que el tiempo lo decida por m\u00ed\u201d. A\u00f1ade adem\u00e1s, \u201cen\u00a0 este disco he querido contar un (re)encuentro, un encuentro conmigo misma. Aunque me haya encontrado m\u00e1s de una vez, tengo especialmente presente mi auto-encuentro en Donostia y he recogido este (re)encuentro en este disco\u201d.<\/p>\n<p>Su m\u00fasica \u00edntima y de profunda sensibilidad conmueve irremediablemente a quien la escucha. Viaja entre el pop liberador y energ\u00e9tico de algunas canciones y la sensibilidad y belleza de otras, atrevi\u00e9ndose tambi\u00e9n con ritmos latinos.<\/p>\n<p>Recientemente le ha sido otorgado el premio Musika Bulegoa por la gran profesionalidad que ha mostrado en este segundo disco y por el hecho de ser una artista que ha llegado para quedarse.<\/p>\n<p>El concierto que ofreci\u00f3 en el Kursaal ten\u00eda un car\u00e1cter especial por doble motivo. Supon\u00eda la \u00faltima oportunidad de verla en Gipuzkoa con su disco <em>Eason<\/em>, y adem\u00e1s de sus m\u00fasicos habituales (<strong>Iker Lauroba<\/strong> <strong>Alonso<\/strong>, guitarra; <strong>Oriol Flores Arisa<\/strong>, bater\u00eda; <strong>Julen Barandiaran Blanco<\/strong>, bajo; <strong>Garazi Esnaola Balerdi<\/strong>, teclado) le acompa\u00f1aron el violinista <strong>Xabier Zeberio Etxetxipia, <\/strong>el bailaor donostiarra <strong>Jes\u00fas Herrera <\/strong>y alguna intervenci\u00f3n sorpresa.<\/p>\n<p><span style=\"text-decoration: underline;\"><span style=\"color: #0000ff; text-decoration: underline;\"><a href=\"http:\/\/www.izaromusika.com\/es\/\" target=\"_blank\">seguir leyendo<\/a><\/span><\/span><\/p>\n<p><a href=\"https:\/\/audiomic.com\/wp-content\/uploads\/2019\/01\/Captura-de-pantalla-2019-01-29-a-las-18.04.42.png\"><img loading=\"lazy\" decoding=\"async\" class=\"aligncenter size-full wp-image-16824\" src=\"https:\/\/audiomic.com\/wp-content\/uploads\/2019\/01\/Captura-de-pantalla-2019-01-29-a-las-18.04.42.png\" alt=\"Captura de pantalla 2019-01-29 a las 18.04.42\" width=\"858\" height=\"555\" srcset=\"https:\/\/audiomic.com\/wp-content\/uploads\/2019\/01\/Captura-de-pantalla-2019-01-29-a-las-18.04.42.png 858w, https:\/\/audiomic.com\/wp-content\/uploads\/2019\/01\/Captura-de-pantalla-2019-01-29-a-las-18.04.42-300x194.png 300w, https:\/\/audiomic.com\/wp-content\/uploads\/2019\/01\/Captura-de-pantalla-2019-01-29-a-las-18.04.42-400x260.png 400w, https:\/\/audiomic.com\/wp-content\/uploads\/2019\/01\/Captura-de-pantalla-2019-01-29-a-las-18.04.42-700x453.png 700w\" sizes=\"auto, (max-width: 858px) 100vw, 858px\" \/><\/a><a href=\"https:\/\/audiomic.com\/wp-content\/uploads\/2019\/01\/Captura-de-pantalla-2019-01-29-a-las-18.04.28.png\"><img loading=\"lazy\" decoding=\"async\" class=\"aligncenter size-full wp-image-16825\" src=\"https:\/\/audiomic.com\/wp-content\/uploads\/2019\/01\/Captura-de-pantalla-2019-01-29-a-las-18.04.28.png\" alt=\"Captura de pantalla 2019-01-29 a las 18.04.28\" width=\"864\" height=\"664\" srcset=\"https:\/\/audiomic.com\/wp-content\/uploads\/2019\/01\/Captura-de-pantalla-2019-01-29-a-las-18.04.28.png 864w, https:\/\/audiomic.com\/wp-content\/uploads\/2019\/01\/Captura-de-pantalla-2019-01-29-a-las-18.04.28-300x231.png 300w, https:\/\/audiomic.com\/wp-content\/uploads\/2019\/01\/Captura-de-pantalla-2019-01-29-a-las-18.04.28-700x538.png 700w\" sizes=\"auto, (max-width: 864px) 100vw, 864px\" \/><\/a><\/p>\n","protected":false},"excerpt":{"rendered":"<p>Tras la publicaci\u00f3n de su segundo disco Eason, un trabajo lleno de luminosidad, la cantautora de Mallabia, que ha actuado&#8230;<\/p>\n","protected":false},"author":2,"featured_media":16826,"comment_status":"closed","ping_status":"closed","sticky":false,"template":"","format":"standard","meta":{"footnotes":""},"categories":[216],"tags":[],"class_list":["post-16823","post","type-post","status-publish","format-standard","has-post-thumbnail","hentry","category-enero"],"_links":{"self":[{"href":"https:\/\/audiomic.com\/eu\/wp-json\/wp\/v2\/posts\/16823","targetHints":{"allow":["GET"]}}],"collection":[{"href":"https:\/\/audiomic.com\/eu\/wp-json\/wp\/v2\/posts"}],"about":[{"href":"https:\/\/audiomic.com\/eu\/wp-json\/wp\/v2\/types\/post"}],"author":[{"embeddable":true,"href":"https:\/\/audiomic.com\/eu\/wp-json\/wp\/v2\/users\/2"}],"replies":[{"embeddable":true,"href":"https:\/\/audiomic.com\/eu\/wp-json\/wp\/v2\/comments?post=16823"}],"version-history":[{"count":4,"href":"https:\/\/audiomic.com\/eu\/wp-json\/wp\/v2\/posts\/16823\/revisions"}],"predecessor-version":[{"id":16830,"href":"https:\/\/audiomic.com\/eu\/wp-json\/wp\/v2\/posts\/16823\/revisions\/16830"}],"wp:featuredmedia":[{"embeddable":true,"href":"https:\/\/audiomic.com\/eu\/wp-json\/wp\/v2\/media\/16826"}],"wp:attachment":[{"href":"https:\/\/audiomic.com\/eu\/wp-json\/wp\/v2\/media?parent=16823"}],"wp:term":[{"taxonomy":"category","embeddable":true,"href":"https:\/\/audiomic.com\/eu\/wp-json\/wp\/v2\/categories?post=16823"},{"taxonomy":"post_tag","embeddable":true,"href":"https:\/\/audiomic.com\/eu\/wp-json\/wp\/v2\/tags?post=16823"}],"curies":[{"name":"wp","href":"https:\/\/api.w.org\/{rel}","templated":true}]}}