{"id":16831,"date":"2019-01-30T08:49:33","date_gmt":"2019-01-30T08:49:33","guid":{"rendered":"https:\/\/audiomic.es\/?p=16831"},"modified":"2019-01-30T11:08:53","modified_gmt":"2019-01-30T11:08:53","slug":"xxx-premios-fundacion-sabino-arana","status":"publish","type":"post","link":"https:\/\/audiomic.com\/eu\/xxx-premios-fundacion-sabino-arana\/","title":{"rendered":"XXX Premios Fundaci\u00f3n Sabino Arana"},"content":{"rendered":"<p>Empe\u00f1ada con la historia, la Fundaci\u00f3n Sabino Arana revalid\u00f3 su compromiso con la sociedad vasca como transmisora de la cultura del encuentro. Lo hizo en su tradicional gala (la trig\u00e9sima) en la que distingui\u00f3 la complicidad con Euskadi de un exquisito grupo de hombres y mujeres, ejemplo pasado, presente y futuro. Por sus cualidades y valores, el cura y activista socio-cultural Txomin Bereciartua, la escritora Dolores Redondo, el director de orquesta Juanjo Mena, la abogada y expresidenta del Athletic Ana Urquijo, y el economista y exdirector del Fondo Monetario Internacional Michel Camdessus, engrosan desde ayer el Libro de Honor de esta Fundaci\u00f3n.<\/p>\n<p>Todos ellos, cada uno en lo suyo, son maestros artesanos en la agotadora y comprometida tarea de vivir, dejar vivir y ense\u00f1ar a vivir sin caer en la telara\u00f1a del pesimismo, la decepci\u00f3n o el derrotismo. Lo han conseguido gracias a su tes\u00f3n, al amparo de su c\u00edrculo m\u00e1s cercano y, sobre todo, sintonizando con valores no canjeables: ah\u00ed est\u00e1 la solidaridad del sacerdote bilbaino, la humildad de la novelista donostiarra, el compromiso del m\u00fasico de Zaramaga, la constancia y el entusiasmo de la abogada bilbaina, o el humanismo del economista labortano, atrincherado desde hace d\u00e9cadas en defender la dignidad de las personas y la cohesi\u00f3n social.<\/p>\n<p>Suyos han sido y son los discursos que animan a gobiernos e instituciones mundiales a tener la osad\u00eda de construir pol\u00edticas que pongan a las personas en el centro de sus acciones y decisiones. Incansable valedor del capital humano, el expresidente del Fondo Monetario Internacional se afan\u00f3 durante el ultimo tercio del siglo XX para humanizar la globalizaci\u00f3n. Ayer destac\u00f3 la necesidad de \u201cfortalecer al multilateralismo contra todas las amenazas de un proteccionismo excluyente y regresivo;d\u00e9mosle a Europa el nuevo perfil que estos tiempos requieren\u201d. Fue m\u00e1s all\u00e1 y habl\u00f3 incluso de refundar esas organizaciones planetarias, censuradas en m\u00e1s de una ocasi\u00f3n por su inacci\u00f3n por las voces de pueblos y comunidades.<\/p>\n<p><a href=\"https:\/\/audiomic.com\/wp-content\/uploads\/2019\/01\/IMG_2601.jpg\"><img loading=\"lazy\" decoding=\"async\" class=\"aligncenter  wp-image-16840\" src=\"https:\/\/audiomic.com\/wp-content\/uploads\/2019\/01\/IMG_2601.jpg\" alt=\"IMG_2601\" width=\"611\" height=\"475\" \/><\/a> <a href=\"https:\/\/audiomic.com\/wp-content\/uploads\/2019\/01\/Captura-de-pantalla-2019-01-30-a-las-9.41.27.png\"><img loading=\"lazy\" decoding=\"async\" class=\"aligncenter size-full wp-image-16832\" src=\"https:\/\/audiomic.com\/wp-content\/uploads\/2019\/01\/Captura-de-pantalla-2019-01-30-a-las-9.41.27.png\" alt=\"Captura de pantalla 2019-01-30 a las 9.41.27\" width=\"616\" height=\"343\" srcset=\"https:\/\/audiomic.com\/wp-content\/uploads\/2019\/01\/Captura-de-pantalla-2019-01-30-a-las-9.41.27.png 616w, https:\/\/audiomic.com\/wp-content\/uploads\/2019\/01\/Captura-de-pantalla-2019-01-30-a-las-9.41.27-300x167.png 300w\" sizes=\"auto, (max-width: 616px) 100vw, 616px\" \/><\/a><\/p>\n<p><span style=\"text-decoration: underline;\"><span style=\"color: #3366ff; text-decoration: underline;\"><a href=\"http:\/\/www.sabinoarana.eus\/es-es\/portada.aspx\" target=\"_blank\">seguir leyendo<\/a><\/span><\/span><\/p>\n","protected":false},"excerpt":{"rendered":"<p>Empe\u00f1ada con la historia, la Fundaci\u00f3n Sabino Arana revalid\u00f3 su compromiso con la sociedad vasca como transmisora de la cultura&#8230;<\/p>\n","protected":false},"author":2,"featured_media":16839,"comment_status":"closed","ping_status":"closed","sticky":false,"template":"","format":"standard","meta":{"footnotes":""},"categories":[216],"tags":[],"class_list":["post-16831","post","type-post","status-publish","format-standard","has-post-thumbnail","hentry","category-enero"],"_links":{"self":[{"href":"https:\/\/audiomic.com\/eu\/wp-json\/wp\/v2\/posts\/16831","targetHints":{"allow":["GET"]}}],"collection":[{"href":"https:\/\/audiomic.com\/eu\/wp-json\/wp\/v2\/posts"}],"about":[{"href":"https:\/\/audiomic.com\/eu\/wp-json\/wp\/v2\/types\/post"}],"author":[{"embeddable":true,"href":"https:\/\/audiomic.com\/eu\/wp-json\/wp\/v2\/users\/2"}],"replies":[{"embeddable":true,"href":"https:\/\/audiomic.com\/eu\/wp-json\/wp\/v2\/comments?post=16831"}],"version-history":[{"count":3,"href":"https:\/\/audiomic.com\/eu\/wp-json\/wp\/v2\/posts\/16831\/revisions"}],"predecessor-version":[{"id":16842,"href":"https:\/\/audiomic.com\/eu\/wp-json\/wp\/v2\/posts\/16831\/revisions\/16842"}],"wp:featuredmedia":[{"embeddable":true,"href":"https:\/\/audiomic.com\/eu\/wp-json\/wp\/v2\/media\/16839"}],"wp:attachment":[{"href":"https:\/\/audiomic.com\/eu\/wp-json\/wp\/v2\/media?parent=16831"}],"wp:term":[{"taxonomy":"category","embeddable":true,"href":"https:\/\/audiomic.com\/eu\/wp-json\/wp\/v2\/categories?post=16831"},{"taxonomy":"post_tag","embeddable":true,"href":"https:\/\/audiomic.com\/eu\/wp-json\/wp\/v2\/tags?post=16831"}],"curies":[{"name":"wp","href":"https:\/\/api.w.org\/{rel}","templated":true}]}}