{"id":16870,"date":"2019-03-01T15:39:54","date_gmt":"2019-03-01T15:39:54","guid":{"rendered":"https:\/\/audiomic.es\/?p=16870"},"modified":"2019-03-01T15:39:54","modified_gmt":"2019-03-01T15:39:54","slug":"acto-de-entrega-de-medallas-y-distinciones-de-emergencias-y-proteccion-civil-palacio-villa-suso-en-vitoria","status":"publish","type":"post","link":"https:\/\/audiomic.com\/eu\/acto-de-entrega-de-medallas-y-distinciones-de-emergencias-y-proteccion-civil-palacio-villa-suso-en-vitoria\/","title":{"rendered":"Acto de entrega de Medallas y Distinciones de Emergencias y Protecci\u00f3n Civil. Palacio Villa-Suso en Vitoria"},"content":{"rendered":"<p><strong>La consejera de Seguridad, Estefan\u00eda Beltr\u00e1n de Heredia, ha entregado esta ma\u00f1ana las Medallas al M\u00e9rito en Emergencias y Protecci\u00f3n Civil en un acto que ha tenido lugar en el Palacio Villa-Suso de Vitoria-Gasteiz y en donde ha salido galardonado con distintivo rojo y a t\u00edtulo p\u00f3stumo, el vecino de Deba Carmelo Arrizabalaga, que falleci\u00f3 accidentalmente cuando realizaba labores de b\u00fasqueda de una persona. En el mismo acto, han sido distinguidos con medallas verdes, Youssef Chaiba, \u00c1ngel Villuela y Aritz Aguiar por acciones meritorias en el \u00e1mbito de las emergencias y de la protecci\u00f3n civil. <\/strong><\/p>\n<p>&nbsp;<\/p>\n<p>El acto, que ha tenido lugar en el Palacio de Villa-Suso de Vitoria-Gasteiz, ha sido presidido por la Consejera de Seguridad, Estefan\u00eda Beltr\u00e1n de Heredia, que ha estado acompa\u00f1ada del Viceconsejero de Seguridad, Josu Zubiaga, y el Director de Atenci\u00f3n de Emergencias y Meteorolog\u00eda, Pedro Anitua, as\u00ed como distintos cargos del Departamento de Seguridad.<\/p>\n<p>\u201c<em>Un total de 822.000 llamadas atendidas y 220.000 atenciones de emergencia en 2018. Es el mejor indicador de que contamos con un entramado de servicios y personas que, m\u00e1s all\u00e1 de la excepcionalidad y la repercusi\u00f3n medi\u00e1tica que puede llegar a alcanzar casos concretos, funciona, responde, ayuda y resuelve con prontitud<\/em>\u201d, ha manifestado la consejera de Seguridad que en su intervenci\u00f3n ha reconocido p\u00fablicamente el trabajo desarrollado \u201c<em>a quienes form\u00e1is el coraz\u00f3n del servicio<\/em>\u201d.<\/p>\n<p><a href=\"https:\/\/www.irekia.euskadi.eus\/es\/news\/52076-seguridad-otorga-titulo-postumo-medalla-merito-emergencias-con-distintivo-rojo-carmelo-arrizabalaga-fallecido-busqueda-una-persona\" target=\"_blank\">SEGUIR LEYENDO&#8230;.<\/a><\/p>\n","protected":false},"excerpt":{"rendered":"<p>La consejera de Seguridad, Estefan\u00eda Beltr\u00e1n de Heredia, ha entregado esta ma\u00f1ana las Medallas al M\u00e9rito en Emergencias y Protecci\u00f3n&#8230;<\/p>\n","protected":false},"author":2,"featured_media":16871,"comment_status":"closed","ping_status":"closed","sticky":false,"template":"","format":"standard","meta":{"footnotes":""},"categories":[215,217],"tags":[],"class_list":["post-16870","post","type-post","status-publish","format-standard","has-post-thumbnail","hentry","category-215","category-febrero"],"_links":{"self":[{"href":"https:\/\/audiomic.com\/eu\/wp-json\/wp\/v2\/posts\/16870","targetHints":{"allow":["GET"]}}],"collection":[{"href":"https:\/\/audiomic.com\/eu\/wp-json\/wp\/v2\/posts"}],"about":[{"href":"https:\/\/audiomic.com\/eu\/wp-json\/wp\/v2\/types\/post"}],"author":[{"embeddable":true,"href":"https:\/\/audiomic.com\/eu\/wp-json\/wp\/v2\/users\/2"}],"replies":[{"embeddable":true,"href":"https:\/\/audiomic.com\/eu\/wp-json\/wp\/v2\/comments?post=16870"}],"version-history":[{"count":1,"href":"https:\/\/audiomic.com\/eu\/wp-json\/wp\/v2\/posts\/16870\/revisions"}],"predecessor-version":[{"id":16872,"href":"https:\/\/audiomic.com\/eu\/wp-json\/wp\/v2\/posts\/16870\/revisions\/16872"}],"wp:featuredmedia":[{"embeddable":true,"href":"https:\/\/audiomic.com\/eu\/wp-json\/wp\/v2\/media\/16871"}],"wp:attachment":[{"href":"https:\/\/audiomic.com\/eu\/wp-json\/wp\/v2\/media?parent=16870"}],"wp:term":[{"taxonomy":"category","embeddable":true,"href":"https:\/\/audiomic.com\/eu\/wp-json\/wp\/v2\/categories?post=16870"},{"taxonomy":"post_tag","embeddable":true,"href":"https:\/\/audiomic.com\/eu\/wp-json\/wp\/v2\/tags?post=16870"}],"curies":[{"name":"wp","href":"https:\/\/api.w.org\/{rel}","templated":true}]}}