{"id":16873,"date":"2019-03-01T15:42:24","date_gmt":"2019-03-01T15:42:24","guid":{"rendered":"https:\/\/audiomic.es\/?p=16873"},"modified":"2019-03-01T15:42:24","modified_gmt":"2019-03-01T15:42:24","slug":"ismael-serrano-en-el-teatro-arriaga","status":"publish","type":"post","link":"https:\/\/audiomic.com\/eu\/ismael-serrano-en-el-teatro-arriaga\/","title":{"rendered":"Ismael Serrano en el Teatro Arriaga"},"content":{"rendered":"<p><span lang=\"ES-TRAD\">Ismael Serrano <\/span><span lang=\"ES-TRAD\">vuelve con Todav\u00eda, una gira en ac\u00fastico (guitarra y voz)\u00a0 que lleva el nombre de su nuevo disco y que ve la luz el\u00a011 de noviembre.<\/span><\/p>\n<p><span lang=\"ES-TRAD\">Tras el \u00e9xito de la gira <b>Hoy es siempre<\/b>, con la que celebr\u00f3 sus <b>20 a\u00f1os de carrera<\/b>, el cantautor madrile\u00f1o emprende un <b>nuevo proyecto.<\/b> Esta vez,<b> g<\/b><\/span><span lang=\"ES-TRAD\">uitarra al hombro<b>, <\/b>en un formato muy \u00edntimo y con una cuidad\u00edsima escenograf\u00eda.<\/span><\/p>\n<p><span lang=\"ES-TRAD\">Grabado en directo en Argentina y con la presencia de un reducido grupo de amigos del artista, <b>\u00a0Serrano<\/b> recopila en este disco versiones de sus temas de siempre y un tema in\u00e9dito.<\/span><\/p>\n<p><a href=\"https:\/\/www.teatroarriaga.eus\/programacion\/ismael-serrano-20-anos-hoy-siempre\/\">SEGUIR LEYENDO&#8230;<\/a><\/p>\n","protected":false},"excerpt":{"rendered":"<p>Ismael Serrano vuelve con Todav\u00eda, una gira en ac\u00fastico (guitarra y voz)\u00a0 que lleva el nombre de su nuevo disco&#8230;<\/p>\n","protected":false},"author":2,"featured_media":16874,"comment_status":"closed","ping_status":"closed","sticky":false,"template":"","format":"standard","meta":{"footnotes":""},"categories":[217],"tags":[],"class_list":["post-16873","post","type-post","status-publish","format-standard","has-post-thumbnail","hentry","category-febrero"],"_links":{"self":[{"href":"https:\/\/audiomic.com\/eu\/wp-json\/wp\/v2\/posts\/16873","targetHints":{"allow":["GET"]}}],"collection":[{"href":"https:\/\/audiomic.com\/eu\/wp-json\/wp\/v2\/posts"}],"about":[{"href":"https:\/\/audiomic.com\/eu\/wp-json\/wp\/v2\/types\/post"}],"author":[{"embeddable":true,"href":"https:\/\/audiomic.com\/eu\/wp-json\/wp\/v2\/users\/2"}],"replies":[{"embeddable":true,"href":"https:\/\/audiomic.com\/eu\/wp-json\/wp\/v2\/comments?post=16873"}],"version-history":[{"count":1,"href":"https:\/\/audiomic.com\/eu\/wp-json\/wp\/v2\/posts\/16873\/revisions"}],"predecessor-version":[{"id":16876,"href":"https:\/\/audiomic.com\/eu\/wp-json\/wp\/v2\/posts\/16873\/revisions\/16876"}],"wp:featuredmedia":[{"embeddable":true,"href":"https:\/\/audiomic.com\/eu\/wp-json\/wp\/v2\/media\/16874"}],"wp:attachment":[{"href":"https:\/\/audiomic.com\/eu\/wp-json\/wp\/v2\/media?parent=16873"}],"wp:term":[{"taxonomy":"category","embeddable":true,"href":"https:\/\/audiomic.com\/eu\/wp-json\/wp\/v2\/categories?post=16873"},{"taxonomy":"post_tag","embeddable":true,"href":"https:\/\/audiomic.com\/eu\/wp-json\/wp\/v2\/tags?post=16873"}],"curies":[{"name":"wp","href":"https:\/\/api.w.org\/{rel}","templated":true}]}}