{"id":16877,"date":"2019-03-01T15:54:29","date_gmt":"2019-03-01T15:54:29","guid":{"rendered":"https:\/\/audiomic.es\/?p=16877"},"modified":"2019-03-01T15:54:29","modified_gmt":"2019-03-01T15:54:29","slug":"el-lehendakari-inigo-urkullu-las-personas-enfermas-de-ela-contaran-con-el-apoyo-de-un-servicio-de-psicologia-en-basurto-para-hacer-frente-a-su-enfermedad","status":"publish","type":"post","link":"https:\/\/audiomic.com\/eu\/el-lehendakari-inigo-urkullu-las-personas-enfermas-de-ela-contaran-con-el-apoyo-de-un-servicio-de-psicologia-en-basurto-para-hacer-frente-a-su-enfermedad\/","title":{"rendered":"El Lehendakari, I\u00f1igo Urkullu: \u201cLas personas enfermas de ELA contar\u00e1n con el apoyo de un servicio de psicolog\u00eda en Basurto, para hacer frente a su enfermedad\u201d"},"content":{"rendered":"<p>El Lehendakari del Gobierno Vasco, I\u00f1igo Urkullu, acompa\u00f1ado del Consejero de Salud, Jon Darp\u00f3n, el Director General de Osakidetza, Juan Luis Diego y el gerente del Hospital, Eduardo Ma\u00edz, han mantenido esta ma\u00f1ana una reuni\u00f3n de trabajo con los responsables de la unidad de ELA de la OSI Bilbao Basurto y con asociaciones ligadas a la enfermedad.<\/p>\n<p><a href=\"https:\/\/www.irekia.euskadi.eus\/es\/news\/52068-lehendakari-inigo-urkullu-las-personas-enfermas-ela-contaran-con-apoyo-servicio-psicologia-basurto-para-hacer-frente-enfermedad\">SEGUIR LEYENDO&#8230;<\/a><\/p>\n","protected":false},"excerpt":{"rendered":"<p>El Lehendakari del Gobierno Vasco, I\u00f1igo Urkullu, acompa\u00f1ado del Consejero de Salud, Jon Darp\u00f3n, el Director General de Osakidetza, Juan&#8230;<\/p>\n","protected":false},"author":2,"featured_media":16879,"comment_status":"closed","ping_status":"closed","sticky":false,"template":"","format":"standard","meta":{"footnotes":""},"categories":[217],"tags":[],"class_list":["post-16877","post","type-post","status-publish","format-standard","has-post-thumbnail","hentry","category-febrero"],"_links":{"self":[{"href":"https:\/\/audiomic.com\/eu\/wp-json\/wp\/v2\/posts\/16877","targetHints":{"allow":["GET"]}}],"collection":[{"href":"https:\/\/audiomic.com\/eu\/wp-json\/wp\/v2\/posts"}],"about":[{"href":"https:\/\/audiomic.com\/eu\/wp-json\/wp\/v2\/types\/post"}],"author":[{"embeddable":true,"href":"https:\/\/audiomic.com\/eu\/wp-json\/wp\/v2\/users\/2"}],"replies":[{"embeddable":true,"href":"https:\/\/audiomic.com\/eu\/wp-json\/wp\/v2\/comments?post=16877"}],"version-history":[{"count":1,"href":"https:\/\/audiomic.com\/eu\/wp-json\/wp\/v2\/posts\/16877\/revisions"}],"predecessor-version":[{"id":16880,"href":"https:\/\/audiomic.com\/eu\/wp-json\/wp\/v2\/posts\/16877\/revisions\/16880"}],"wp:featuredmedia":[{"embeddable":true,"href":"https:\/\/audiomic.com\/eu\/wp-json\/wp\/v2\/media\/16879"}],"wp:attachment":[{"href":"https:\/\/audiomic.com\/eu\/wp-json\/wp\/v2\/media?parent=16877"}],"wp:term":[{"taxonomy":"category","embeddable":true,"href":"https:\/\/audiomic.com\/eu\/wp-json\/wp\/v2\/categories?post=16877"},{"taxonomy":"post_tag","embeddable":true,"href":"https:\/\/audiomic.com\/eu\/wp-json\/wp\/v2\/tags?post=16877"}],"curies":[{"name":"wp","href":"https:\/\/api.w.org\/{rel}","templated":true}]}}