{"id":16886,"date":"2019-04-05T15:16:24","date_gmt":"2019-04-05T15:16:24","guid":{"rendered":"https:\/\/audiomic.es\/?p=16886"},"modified":"2019-04-05T15:16:24","modified_gmt":"2019-04-05T15:16:24","slug":"velada-de-boxeo-kerman-lejarraga-us-david-avenasyan","status":"publish","type":"post","link":"https:\/\/audiomic.com\/eu\/velada-de-boxeo-kerman-lejarraga-us-david-avenasyan\/","title":{"rendered":"Velada de Boxeo Kerman Lejarraga us David Avenasyan"},"content":{"rendered":"<p><strong>El \u2018Rev\u00f3lver\u2019 de Morga deja de estar invicto y cede el t\u00edtulo europeo en su segunda defensa ante un brillante Avanesyan impulsado por su velocidad.<\/strong><\/p>\n<p><span class=\"MayusculasNegrita\">bilbao<\/span>&#8211; El guerrero nunca descansa;el guerrero vive luchando o preparando la pr\u00f3xima batalla, recobrando fuerzas para afrontar el nuevo combate;el final de cada guerra es el principio de otra. \u201cEn mi cabeza solo existe una fecha: el 30 de marzo;lo dem\u00e1s me da igual\u201d. Cada combate es en s\u00ed mismo un Apocalipsis. Kerman Lejarraga (27-1, 22 K.O.) es un guerrero urbano que no contempla el ma\u00f1ana. Cada pleito es el d\u00eda del juicio final. Es 30 de marzo de 2019. Cabalgan los cuatro jinetes. Uno de ellos era David Avanesyan (23-3-1, 12 K.O.). \u201cSeguir\u00e9 siendo el mismo\u201d. El <i>Rev\u00f3lver<\/i> de Morga conoci\u00f3 el sabor de la derrota. \u201cMe voy a levantar con un par de cojones. Me da igual perder si es delante vuestro\u201d.<\/p>\n<p><a href=\"https:\/\/www.deia.eus\/2019\/03\/31\/deportes\/otros-deportes\/lejarraga-pierde-su-condicion\">SEGUIR LEYENDO&#8230;<\/a><\/p>\n","protected":false},"excerpt":{"rendered":"<p>El \u2018Rev\u00f3lver\u2019 de Morga deja de estar invicto y cede el t\u00edtulo europeo en su segunda defensa ante un brillante&#8230;<\/p>\n","protected":false},"author":2,"featured_media":16887,"comment_status":"closed","ping_status":"closed","sticky":false,"template":"","format":"standard","meta":{"footnotes":""},"categories":[218],"tags":[],"class_list":["post-16886","post","type-post","status-publish","format-standard","has-post-thumbnail","hentry","category-marzo"],"_links":{"self":[{"href":"https:\/\/audiomic.com\/eu\/wp-json\/wp\/v2\/posts\/16886","targetHints":{"allow":["GET"]}}],"collection":[{"href":"https:\/\/audiomic.com\/eu\/wp-json\/wp\/v2\/posts"}],"about":[{"href":"https:\/\/audiomic.com\/eu\/wp-json\/wp\/v2\/types\/post"}],"author":[{"embeddable":true,"href":"https:\/\/audiomic.com\/eu\/wp-json\/wp\/v2\/users\/2"}],"replies":[{"embeddable":true,"href":"https:\/\/audiomic.com\/eu\/wp-json\/wp\/v2\/comments?post=16886"}],"version-history":[{"count":1,"href":"https:\/\/audiomic.com\/eu\/wp-json\/wp\/v2\/posts\/16886\/revisions"}],"predecessor-version":[{"id":16888,"href":"https:\/\/audiomic.com\/eu\/wp-json\/wp\/v2\/posts\/16886\/revisions\/16888"}],"wp:featuredmedia":[{"embeddable":true,"href":"https:\/\/audiomic.com\/eu\/wp-json\/wp\/v2\/media\/16887"}],"wp:attachment":[{"href":"https:\/\/audiomic.com\/eu\/wp-json\/wp\/v2\/media?parent=16886"}],"wp:term":[{"taxonomy":"category","embeddable":true,"href":"https:\/\/audiomic.com\/eu\/wp-json\/wp\/v2\/categories?post=16886"},{"taxonomy":"post_tag","embeddable":true,"href":"https:\/\/audiomic.com\/eu\/wp-json\/wp\/v2\/tags?post=16886"}],"curies":[{"name":"wp","href":"https:\/\/api.w.org\/{rel}","templated":true}]}}