{"id":16900,"date":"2019-05-08T07:57:22","date_gmt":"2019-05-08T07:57:22","guid":{"rendered":"https:\/\/audiomic.es\/?p=16900"},"modified":"2019-05-08T07:57:22","modified_gmt":"2019-05-08T07:57:22","slug":"pasion-viviente-durango","status":"publish","type":"post","link":"https:\/\/audiomic.com\/eu\/pasion-viviente-durango\/","title":{"rendered":"PASI\u00d3N VIVIENTE DURANGO"},"content":{"rendered":"<div class=\"paragraph\">\n<div class=\"text-wrapper\">\n<div class=\"text\">\n<p>En Semana Santa se celebra en Durango la tradicional Pasi\u00f3n de Durango.<\/p>\n<p>En el pintoresco entorno del Arco de Santa Ana un escogido decorado ambienta la plaza mientras que con trajes de \u00e9poca los\/as protagonistas reviven escenas que nos transportan a otro tiempo.<\/p>\n<p>Son ya 20 los a\u00f1os de experiencia y de tradici\u00f3n en los que durante tres d\u00edas vecinos\/as de Durango representan la Pasi\u00f3n y Muerte de Cristo.<\/p>\n<p>Organiza Juan de Iciar Elkartea.<\/p>\n<p><a href=\"https:\/\/www.turismodurango.net\/es\/durangoko-pasinue\" target=\"_blank\">SEGUIR LEYENDO&#8230;<\/a><\/p>\n<\/div>\n<\/div>\n<\/div>\n","protected":false},"excerpt":{"rendered":"<p>En Semana Santa se celebra en Durango la tradicional Pasi\u00f3n de Durango. En el pintoresco entorno del Arco de Santa&#8230;<\/p>\n","protected":false},"author":2,"featured_media":16901,"comment_status":"closed","ping_status":"closed","sticky":false,"template":"","format":"standard","meta":{"footnotes":""},"categories":[215,219],"tags":[],"class_list":["post-16900","post","type-post","status-publish","format-standard","has-post-thumbnail","hentry","category-215","category-abril"],"_links":{"self":[{"href":"https:\/\/audiomic.com\/eu\/wp-json\/wp\/v2\/posts\/16900","targetHints":{"allow":["GET"]}}],"collection":[{"href":"https:\/\/audiomic.com\/eu\/wp-json\/wp\/v2\/posts"}],"about":[{"href":"https:\/\/audiomic.com\/eu\/wp-json\/wp\/v2\/types\/post"}],"author":[{"embeddable":true,"href":"https:\/\/audiomic.com\/eu\/wp-json\/wp\/v2\/users\/2"}],"replies":[{"embeddable":true,"href":"https:\/\/audiomic.com\/eu\/wp-json\/wp\/v2\/comments?post=16900"}],"version-history":[{"count":1,"href":"https:\/\/audiomic.com\/eu\/wp-json\/wp\/v2\/posts\/16900\/revisions"}],"predecessor-version":[{"id":16902,"href":"https:\/\/audiomic.com\/eu\/wp-json\/wp\/v2\/posts\/16900\/revisions\/16902"}],"wp:featuredmedia":[{"embeddable":true,"href":"https:\/\/audiomic.com\/eu\/wp-json\/wp\/v2\/media\/16901"}],"wp:attachment":[{"href":"https:\/\/audiomic.com\/eu\/wp-json\/wp\/v2\/media?parent=16900"}],"wp:term":[{"taxonomy":"category","embeddable":true,"href":"https:\/\/audiomic.com\/eu\/wp-json\/wp\/v2\/categories?post=16900"},{"taxonomy":"post_tag","embeddable":true,"href":"https:\/\/audiomic.com\/eu\/wp-json\/wp\/v2\/tags?post=16900"}],"curies":[{"name":"wp","href":"https:\/\/api.w.org\/{rel}","templated":true}]}}