{"id":16922,"date":"2019-09-06T11:42:14","date_gmt":"2019-09-06T11:42:14","guid":{"rendered":"https:\/\/audiomic.es\/?p=16922"},"modified":"2019-09-06T11:46:16","modified_gmt":"2019-09-06T11:46:16","slug":"monica-naranjo-b-o-s-y-sociedad-coral-de-bilbao-aste-nagusia-escenario-abandoibarra-bilbao","status":"publish","type":"post","link":"https:\/\/audiomic.com\/eu\/monica-naranjo-b-o-s-y-sociedad-coral-de-bilbao-aste-nagusia-escenario-abandoibarra-bilbao\/","title":{"rendered":"M\u00d3NICA NARANJO, B.O.S. y SOCIEDAD CORAL DE BILBAO  Aste Nagusia Escenario ABANDOIBARRA &#8211; (Bilbao)"},"content":{"rendered":"<div class=\"txtTinyMce-wrapper\" style=\"font-size: 12px; line-height: 14px; font-family: 'Helvetica Neue', Helvetica, Arial, sans-serif;\">\n<p style=\"font-size: 12px; line-height: 14px;\"><span style=\"font-size: 14px; line-height: 16px;\">Una actuaci\u00f3n muy especial para AUDIOMIC PRODUCCIONES en el concierto que se celebr\u00f3 en Abandoibarra de M\u00f3nica Naranjo junto con la BOS y la Sociedad Coral de Bilbao, AUDIOMIC PRODUCCIONES fu\u00e9 el encargado de la decoraci\u00f3n, la iluminaci\u00f3n y el sonido de p\u00fablico de la actuaci\u00f3n.<br \/>\n<\/span><\/p>\n<p style=\"font-size: 12px; line-height: 14px;\"><span style=\"font-size: 14px; line-height: 16px;\">Con m\u00e1s de 50 cabezas m\u00f3viles (ROBE Megapointe, pointe, robin300, VariLite VLX, 3500 Spot) y un tel\u00f3n de tercipelo rojo y gasas grises a modo de calles realiz\u00f3 una iluminaci\u00f3n espectacular.<\/span><\/p>\n<p style=\"font-size: 12px; line-height: 14px;\"><span style=\"font-size: 14px; line-height: 16px;\">Con mas de 100 micr\u00f3fonos en escena, un equipo de sonido d&amp;b Audiotechnik J y mesa de sonido Digico SD12.<\/span><\/p>\n<p style=\"font-size: 12px; line-height: 14px;\"><span style=\"font-size: 14px; line-height: 16px;\">Uno de los conciertos mas espectaculares de la ASTE NAGUSIA y con gran acalamaci\u00f3n por parte del p\u00fablico, instituciones y critica.<\/span><\/p>\n<p style=\"font-size: 12px; line-height: 14px;\"><a href=\"https:\/\/www.deia.eus\/2019\/08\/23\/especiales\/aste-nagusia\/monica-naranjo-una-pantera-entre-violines\">SEGUIR LEYENDO&#8230;<\/a><\/p>\n<\/div>\n","protected":false},"excerpt":{"rendered":"<p>Una actuaci\u00f3n muy especial para AUDIOMIC PRODUCCIONES en el concierto que se celebr\u00f3 en Abandoibarra de M\u00f3nica Naranjo junto con&#8230;<\/p>\n","protected":false},"author":2,"featured_media":16927,"comment_status":"closed","ping_status":"closed","sticky":false,"template":"","format":"standard","meta":{"footnotes":""},"categories":[220],"tags":[],"class_list":["post-16922","post","type-post","status-publish","format-standard","has-post-thumbnail","hentry","category-julioagosto"],"_links":{"self":[{"href":"https:\/\/audiomic.com\/eu\/wp-json\/wp\/v2\/posts\/16922","targetHints":{"allow":["GET"]}}],"collection":[{"href":"https:\/\/audiomic.com\/eu\/wp-json\/wp\/v2\/posts"}],"about":[{"href":"https:\/\/audiomic.com\/eu\/wp-json\/wp\/v2\/types\/post"}],"author":[{"embeddable":true,"href":"https:\/\/audiomic.com\/eu\/wp-json\/wp\/v2\/users\/2"}],"replies":[{"embeddable":true,"href":"https:\/\/audiomic.com\/eu\/wp-json\/wp\/v2\/comments?post=16922"}],"version-history":[{"count":1,"href":"https:\/\/audiomic.com\/eu\/wp-json\/wp\/v2\/posts\/16922\/revisions"}],"predecessor-version":[{"id":16923,"href":"https:\/\/audiomic.com\/eu\/wp-json\/wp\/v2\/posts\/16922\/revisions\/16923"}],"wp:featuredmedia":[{"embeddable":true,"href":"https:\/\/audiomic.com\/eu\/wp-json\/wp\/v2\/media\/16927"}],"wp:attachment":[{"href":"https:\/\/audiomic.com\/eu\/wp-json\/wp\/v2\/media?parent=16922"}],"wp:term":[{"taxonomy":"category","embeddable":true,"href":"https:\/\/audiomic.com\/eu\/wp-json\/wp\/v2\/categories?post=16922"},{"taxonomy":"post_tag","embeddable":true,"href":"https:\/\/audiomic.com\/eu\/wp-json\/wp\/v2\/tags?post=16922"}],"curies":[{"name":"wp","href":"https:\/\/api.w.org\/{rel}","templated":true}]}}