{"id":16924,"date":"2019-09-06T11:44:52","date_gmt":"2019-09-06T11:44:52","guid":{"rendered":"https:\/\/audiomic.es\/?p=16924"},"modified":"2019-09-06T11:45:33","modified_gmt":"2019-09-06T11:45:33","slug":"fiestas-de-el-carmen-escenario-del-puerto-santurtzi","status":"publish","type":"post","link":"https:\/\/audiomic.com\/eu\/fiestas-de-el-carmen-escenario-del-puerto-santurtzi\/","title":{"rendered":"Fiestas de El Carmen Escenario del puerto &#8211; (Santurtzi)."},"content":{"rendered":"<p><span style=\"font-size: 14px; line-height: 16px;\">AUDIOMIC PRODUCCIONES puso sonido, iluminaci\u00f3n y estructuras en los conciertos de el Carmen: Banda de Txistularis con Los Chimberos, Banda de M\u00fasica de Santurtzi y Coti, Camela, Beret, V\u00edctor Manuel, EraBatera+Sidecars y La Casa Azul.<br \/>\nSonido d&amp;b Audiotechnik J mesas Yamaha CL5, Digidesign Venue y DIGICO SD12.<br \/>\nIluminaci\u00f3n ROBE Pointe, ROBE Megapointe, ROBE Robin300, VariLite VL3500 mesas Avolite Arena y Gran MA II Light<\/span><\/p>\n<p>&nbsp;<\/p>\n<p><a href=\"http:\/\/www.santurtzi.net\/es-ES\/Noticias\/Paginas\/20190712_FiestasdeElCarmen2019.aspx\">SEGUIR LEYENDO&#8230;<\/a><\/p>\n","protected":false},"excerpt":{"rendered":"<p>AUDIOMIC PRODUCCIONES puso sonido, iluminaci\u00f3n y estructuras en los conciertos de el Carmen: Banda de Txistularis con Los Chimberos, Banda&#8230;<\/p>\n","protected":false},"author":2,"featured_media":16926,"comment_status":"closed","ping_status":"closed","sticky":false,"template":"","format":"standard","meta":{"footnotes":""},"categories":[220],"tags":[],"class_list":["post-16924","post","type-post","status-publish","format-standard","has-post-thumbnail","hentry","category-julioagosto"],"_links":{"self":[{"href":"https:\/\/audiomic.com\/eu\/wp-json\/wp\/v2\/posts\/16924","targetHints":{"allow":["GET"]}}],"collection":[{"href":"https:\/\/audiomic.com\/eu\/wp-json\/wp\/v2\/posts"}],"about":[{"href":"https:\/\/audiomic.com\/eu\/wp-json\/wp\/v2\/types\/post"}],"author":[{"embeddable":true,"href":"https:\/\/audiomic.com\/eu\/wp-json\/wp\/v2\/users\/2"}],"replies":[{"embeddable":true,"href":"https:\/\/audiomic.com\/eu\/wp-json\/wp\/v2\/comments?post=16924"}],"version-history":[{"count":1,"href":"https:\/\/audiomic.com\/eu\/wp-json\/wp\/v2\/posts\/16924\/revisions"}],"predecessor-version":[{"id":16925,"href":"https:\/\/audiomic.com\/eu\/wp-json\/wp\/v2\/posts\/16924\/revisions\/16925"}],"wp:featuredmedia":[{"embeddable":true,"href":"https:\/\/audiomic.com\/eu\/wp-json\/wp\/v2\/media\/16926"}],"wp:attachment":[{"href":"https:\/\/audiomic.com\/eu\/wp-json\/wp\/v2\/media?parent=16924"}],"wp:term":[{"taxonomy":"category","embeddable":true,"href":"https:\/\/audiomic.com\/eu\/wp-json\/wp\/v2\/categories?post=16924"},{"taxonomy":"post_tag","embeddable":true,"href":"https:\/\/audiomic.com\/eu\/wp-json\/wp\/v2\/tags?post=16924"}],"curies":[{"name":"wp","href":"https:\/\/api.w.org\/{rel}","templated":true}]}}