{"id":16928,"date":"2019-09-06T11:48:21","date_gmt":"2019-09-06T11:48:21","guid":{"rendered":"https:\/\/audiomic.es\/?p=16928"},"modified":"2019-09-06T11:48:21","modified_gmt":"2019-09-06T11:48:21","slug":"bay-of-biskay-festival-bermeo","status":"publish","type":"post","link":"https:\/\/audiomic.com\/eu\/bay-of-biskay-festival-bermeo\/","title":{"rendered":"Bay of Biskay Festival &#8211; (Bermeo)"},"content":{"rendered":"<p style=\"font-size: 12px; line-height: 14px;\"><span style=\"font-size: 14px; line-height: 16px;\">Un a\u00f1o m\u00e1s los conciertos del BAY OF BISCAY FESTIVAL contaron con AUDIOMIC PRODUCCIONES que puso sonido, iluminaci\u00f3n y estructuras.<br \/>\nSonido d&amp;b Audiotechnik J mesas Yamaha CL5 y Digidesign Venue.<br \/>\nIluminaci\u00f3n ROBE Pointe, ROBE Megapointe, ROBE Robin300, VariLite VL3500 mesas Avolite Arena y Gran MA II Light. <\/span><\/p>\n<p style=\"font-size: 12px; line-height: 14px;\"><span style=\"font-size: 14px; line-height: 16px;\">Y un personal t\u00e9cnico entregado y muy profesional en sonido e iluminaci\u00f3n.<\/span><\/p>\n<p style=\"font-size: 12px; line-height: 14px;\">\n<p style=\"font-size: 12px; line-height: 14px;\"><a href=\"https:\/\/fanmusicfest.com\/content\/mundaka-festival-2019\">SEGUIR LEYENDO&#8230;<\/a><\/p>\n","protected":false},"excerpt":{"rendered":"<p>Un a\u00f1o m\u00e1s los conciertos del BAY OF BISCAY FESTIVAL contaron con AUDIOMIC PRODUCCIONES que puso sonido, iluminaci\u00f3n y estructuras&#8230;.<\/p>\n","protected":false},"author":2,"featured_media":16929,"comment_status":"closed","ping_status":"closed","sticky":false,"template":"","format":"standard","meta":{"footnotes":""},"categories":[220],"tags":[],"class_list":["post-16928","post","type-post","status-publish","format-standard","has-post-thumbnail","hentry","category-julioagosto"],"_links":{"self":[{"href":"https:\/\/audiomic.com\/eu\/wp-json\/wp\/v2\/posts\/16928","targetHints":{"allow":["GET"]}}],"collection":[{"href":"https:\/\/audiomic.com\/eu\/wp-json\/wp\/v2\/posts"}],"about":[{"href":"https:\/\/audiomic.com\/eu\/wp-json\/wp\/v2\/types\/post"}],"author":[{"embeddable":true,"href":"https:\/\/audiomic.com\/eu\/wp-json\/wp\/v2\/users\/2"}],"replies":[{"embeddable":true,"href":"https:\/\/audiomic.com\/eu\/wp-json\/wp\/v2\/comments?post=16928"}],"version-history":[{"count":1,"href":"https:\/\/audiomic.com\/eu\/wp-json\/wp\/v2\/posts\/16928\/revisions"}],"predecessor-version":[{"id":16930,"href":"https:\/\/audiomic.com\/eu\/wp-json\/wp\/v2\/posts\/16928\/revisions\/16930"}],"wp:featuredmedia":[{"embeddable":true,"href":"https:\/\/audiomic.com\/eu\/wp-json\/wp\/v2\/media\/16929"}],"wp:attachment":[{"href":"https:\/\/audiomic.com\/eu\/wp-json\/wp\/v2\/media?parent=16928"}],"wp:term":[{"taxonomy":"category","embeddable":true,"href":"https:\/\/audiomic.com\/eu\/wp-json\/wp\/v2\/categories?post=16928"},{"taxonomy":"post_tag","embeddable":true,"href":"https:\/\/audiomic.com\/eu\/wp-json\/wp\/v2\/tags?post=16928"}],"curies":[{"name":"wp","href":"https:\/\/api.w.org\/{rel}","templated":true}]}}