{"id":16931,"date":"2019-09-06T11:50:19","date_gmt":"2019-09-06T11:50:19","guid":{"rendered":"https:\/\/audiomic.es\/?p=16931"},"modified":"2019-09-06T11:50:19","modified_gmt":"2019-09-06T11:50:19","slug":"fiestas-de-la-blanca-pregon-y-plaza-del-machete-vitoria","status":"publish","type":"post","link":"https:\/\/audiomic.com\/eu\/fiestas-de-la-blanca-pregon-y-plaza-del-machete-vitoria\/","title":{"rendered":"Fiestas de La Blanca &#8211; Preg\u00f3n y Plaza del Machete &#8211; (Vitoria)"},"content":{"rendered":"<p><span style=\"font-size: 14px; line-height: 16px;\">AUDIOMIC PRODUCCIONES, este a\u00f1o en las fiestas de LA VIRGEN BLANCA en Vitoria realiz\u00f3 sonido e iluminaci\u00f3n en el Preg\u00f3n de fiestas y en la Plaza del Machete.<\/span><\/p>\n<p>&nbsp;<\/p>\n<p><a href=\"https:\/\/www.gasteizhoy.com\/programa-fiestas-de-la-blanca-2019-vitoria\/\">SERGUIR LEYENDO&#8230;<\/a><\/p>\n","protected":false},"excerpt":{"rendered":"<p>AUDIOMIC PRODUCCIONES, este a\u00f1o en las fiestas de LA VIRGEN BLANCA en Vitoria realiz\u00f3 sonido e iluminaci\u00f3n en el Preg\u00f3n&#8230;<\/p>\n","protected":false},"author":2,"featured_media":16932,"comment_status":"closed","ping_status":"closed","sticky":false,"template":"","format":"standard","meta":{"footnotes":""},"categories":[220],"tags":[],"class_list":["post-16931","post","type-post","status-publish","format-standard","has-post-thumbnail","hentry","category-julioagosto"],"_links":{"self":[{"href":"https:\/\/audiomic.com\/eu\/wp-json\/wp\/v2\/posts\/16931","targetHints":{"allow":["GET"]}}],"collection":[{"href":"https:\/\/audiomic.com\/eu\/wp-json\/wp\/v2\/posts"}],"about":[{"href":"https:\/\/audiomic.com\/eu\/wp-json\/wp\/v2\/types\/post"}],"author":[{"embeddable":true,"href":"https:\/\/audiomic.com\/eu\/wp-json\/wp\/v2\/users\/2"}],"replies":[{"embeddable":true,"href":"https:\/\/audiomic.com\/eu\/wp-json\/wp\/v2\/comments?post=16931"}],"version-history":[{"count":1,"href":"https:\/\/audiomic.com\/eu\/wp-json\/wp\/v2\/posts\/16931\/revisions"}],"predecessor-version":[{"id":16933,"href":"https:\/\/audiomic.com\/eu\/wp-json\/wp\/v2\/posts\/16931\/revisions\/16933"}],"wp:featuredmedia":[{"embeddable":true,"href":"https:\/\/audiomic.com\/eu\/wp-json\/wp\/v2\/media\/16932"}],"wp:attachment":[{"href":"https:\/\/audiomic.com\/eu\/wp-json\/wp\/v2\/media?parent=16931"}],"wp:term":[{"taxonomy":"category","embeddable":true,"href":"https:\/\/audiomic.com\/eu\/wp-json\/wp\/v2\/categories?post=16931"},{"taxonomy":"post_tag","embeddable":true,"href":"https:\/\/audiomic.com\/eu\/wp-json\/wp\/v2\/tags?post=16931"}],"curies":[{"name":"wp","href":"https:\/\/api.w.org\/{rel}","templated":true}]}}